{"id":152646,"date":"2014-07-17T16:14:31","date_gmt":"2014-07-17T19:14:31","guid":{"rendered":"http:\/\/revistapesquisa.fapesp.br\/?p=152646"},"modified":"2014-07-18T18:58:57","modified_gmt":"2014-07-18T21:58:57","slug":"environmental-conservation","status":"publish","type":"post","link":"https:\/\/revistapesquisa.fapesp.br\/en\/environmental-conservation\/","title":{"rendered":"Environmental conservation"},"content":{"rendered":"<div id=\"attachment_152652\" style=\"max-width: 300px\" class=\"wp-caption alignright\"><img loading=\"lazy\" decoding=\"async\" class=\"size-full wp-image-152652\" alt=\"Jos\u00e9 Goldemberg and Paulo Nogueira-Neto: careers recognized by the WWF Network\" src=\"http:\/\/revistapesquisa.fapesp.br\/wp-content\/uploads\/2014\/07\/Estrategias_retratos_290.jpg\" width=\"290\" height=\"230\" srcset=\"https:\/\/revistapesquisa.fapesp.br\/wp-content\/uploads\/2014\/07\/Estrategias_retratos_290.jpg 290w, https:\/\/revistapesquisa.fapesp.br\/wp-content\/uploads\/2014\/07\/Estrategias_retratos_290-120x95.jpg 120w, https:\/\/revistapesquisa.fapesp.br\/wp-content\/uploads\/2014\/07\/Estrategias_retratos_290-250x198.jpg 250w\" sizes=\"auto, (max-width: 290px) 100vw, 290px\" \/><p class=\"wp-caption-text\"><span class=\"media-credits-inline\">MIGUEL BOYAYAN\u2002and EDUARDO CESAR<\/span>Jos\u00e9 Goldemberg and Paulo Nogueira-Neto: careers recognized by the WWF Network<span class=\"media-credits\">MIGUEL BOYAYAN\u2002and EDUARDO CESAR<\/span><\/p><\/div>\n<p>Physicist Jos\u00e9 Goldemberg, President of the University of S\u00e3o Paulo (USP) from 1986 to 1990 and professor at the Energy and Environment Institute, and Paulo Nogueira-Neto, emeritus professor at the USP Biosciences Institute and a pioneer of environmentalism in Brazil, received the International Award for Conservation Merit from the World Wildlife Fund (WWF) for their contribution in recent years to the cause of environmental conservation.\u00a0 The award ceremony was held during the annual conference of the WWF, an organization that operates in more than 100 countries, carrying out environmental conservation projects.\u00a0 The event, held in Brazil for the first time, also honored Jos\u00e9 Roberto Marinho, president of the Roberto Marinho Foundation; \u00c1lvaro de Souza, vice-chairman of the WWF-Brazil board; Claudio Maretti, leader of the WWF Amaz\u00f4nia Viva initiative, and Rosa Lemos de S\u00e1, secretary-general of FunBio (Brazilian Biodiversity Fund).\u00a0 The late geographer and emeritus professor at the Federal University of Rio de Janeiro, Bertha Koiffmann Becker, and the late agronomist Tatiana Carvalho, a former employee of Greenpeace, received posthumous recognition.<\/p>\n","protected":false},"excerpt":{"rendered":"USP professors receive WWF award for environmental conservation","protected":false},"author":475,"featured_media":0,"comment_status":"open","ping_status":"open","sticky":false,"template":"","format":"standard","meta":{"_acf_changed":false,"_exactmetrics_skip_tracking":false,"_exactmetrics_sitenote_active":false,"_exactmetrics_sitenote_note":"","_exactmetrics_sitenote_category":0,"footnotes":""},"categories":[162],"tags":[200],"coauthors":[785],"class_list":["post-152646","post","type-post","status-publish","format-standard","hentry","category-strategies","tag-environment"],"acf":[],"_links":{"self":[{"href":"https:\/\/revistapesquisa.fapesp.br\/en\/wp-json\/wp\/v2\/posts\/152646","targetHints":{"allow":["GET"]}}],"collection":[{"href":"https:\/\/revistapesquisa.fapesp.br\/en\/wp-json\/wp\/v2\/posts"}],"about":[{"href":"https:\/\/revistapesquisa.fapesp.br\/en\/wp-json\/wp\/v2\/types\/post"}],"author":[{"embeddable":true,"href":"https:\/\/revistapesquisa.fapesp.br\/en\/wp-json\/wp\/v2\/users\/475"}],"replies":[{"embeddable":true,"href":"https:\/\/revistapesquisa.fapesp.br\/en\/wp-json\/wp\/v2\/comments?post=152646"}],"version-history":[{"count":0,"href":"https:\/\/revistapesquisa.fapesp.br\/en\/wp-json\/wp\/v2\/posts\/152646\/revisions"}],"wp:attachment":[{"href":"https:\/\/revistapesquisa.fapesp.br\/en\/wp-json\/wp\/v2\/media?parent=152646"}],"wp:term":[{"taxonomy":"category","embeddable":true,"href":"https:\/\/revistapesquisa.fapesp.br\/en\/wp-json\/wp\/v2\/categories?post=152646"},{"taxonomy":"post_tag","embeddable":true,"href":"https:\/\/revistapesquisa.fapesp.br\/en\/wp-json\/wp\/v2\/tags?post=152646"},{"taxonomy":"author","embeddable":true,"href":"https:\/\/revistapesquisa.fapesp.br\/en\/wp-json\/wp\/v2\/coauthors?post=152646"}],"curies":[{"name":"wp","href":"https:\/\/api.w.org\/{rel}","templated":true}]}}