{"id":235457,"date":"2017-03-28T16:49:32","date_gmt":"2017-03-28T19:49:32","guid":{"rendered":"http:\/\/revistapesquisa.fapesp.br\/en\/?p=235457"},"modified":"2017-03-30T14:24:33","modified_gmt":"2017-03-30T17:24:33","slug":"integralism-collection-donated-to-unicamp","status":"publish","type":"post","link":"https:\/\/revistapesquisa.fapesp.br\/en\/integralism-collection-donated-to-unicamp\/","title":{"rendered":"Integralism collection donated to Unicamp"},"content":{"rendered":"<div id=\"attachment_235458\" style=\"max-width: 310px\" class=\"wp-caption alignright\"><a href=\"http:\/\/revistapesquisa.fapesp.br\/wp-content\/uploads\/2017\/03\/011_Estrat_Plinio-Salgado.jpg\" rel=\"attachment wp-att-235458\"><img loading=\"lazy\" decoding=\"async\" class=\"size-medium wp-image-235458\" src=\"http:\/\/revistapesquisa.fapesp.br\/wp-content\/uploads\/2017\/03\/011_Estrat_Plinio-Salgado-300x195.jpg\" alt=\"Pl\u00ednio Salgado, leader of Brazilian Integralist Action, at a demonstration in Paran\u00e1 State in the 1930s \" width=\"300\" height=\"195\" \/><p class=\"wp-caption-text\"><span class=\"media-credits-inline\">Public archives, Paran\u00e1 State<\/span><\/a> Pl\u00ednio Salgado, leader of Brazilian Integralist Action, at a demonstration in Paran\u00e1 State in the 1930s<span class=\"media-credits\">Public archives, Paran\u00e1 State<\/span><\/p><\/div>\n<p>A collection on the Brazilian integralist movement, a variant of fascism, was donated to the University of Campinas (Unicamp) and will be available to researchers and students. The donation was made by Helgio Trindade, former president of the Federal University of Rio Grande do Sul (UFRGS). The collection consists of books, interviews recorded on cassette tapes by the donor with former leaders and militants of Brazilian Integralist Action \u00a0(AIB), and collections of newspapers and documents. The items will be incorporated into the Edgard Leuenroth Archives (AEL) at Unicamp, and will be named the Cole\u00e7\u00e3o Helgio Trindade: <em>A\u00e7\u00e3o Integralista Brasileira e Fascismo Internacional <\/em>(Helgio Trindade Collection: Brazilian Integralist Action and International Fascism). Trindade is considered a pioneer in research on the topic and is the author of the book entitled <em>Integralismo: O fascismo brasileiro da d\u00e9cada de 30 <\/em>(Integralism: Brazilian Fascism in the 1930s), a classic in Brazil, and the outcome of his doctorate defended in 1971 at the Sorbonne in Paris. \u201cI knew there was a reference archive at Unicamp. Integralism is a S\u00e3o Paulo theme, so what better place to have it be than in S\u00e3o Paulo,\u201d Trindade tells the Unicamp news agency. \u201cIt is an honor to receive this donation because it comes from the greatest Brazilian scholar on this topic. The material is highly relevant to the AEL,\u201d says Unicamp Coordinator General Alvaro Penteado Cr\u00f3sta.<\/p>\n","protected":false},"excerpt":{"rendered":"A collection on the Brazilian movement was donated to Unicamp","protected":false},"author":475,"featured_media":0,"comment_status":"open","ping_status":"open","sticky":false,"template":"","format":"standard","meta":{"_acf_changed":false,"_exactmetrics_skip_tracking":false,"_exactmetrics_sitenote_active":false,"_exactmetrics_sitenote_note":"","_exactmetrics_sitenote_category":0,"footnotes":""},"categories":[1651],"tags":[241,214],"coauthors":[785],"class_list":["post-235457","post","type-post","status-publish","format-standard","hentry","category-notes","tag-history","tag-political-science"],"acf":[],"_links":{"self":[{"href":"https:\/\/revistapesquisa.fapesp.br\/en\/wp-json\/wp\/v2\/posts\/235457","targetHints":{"allow":["GET"]}}],"collection":[{"href":"https:\/\/revistapesquisa.fapesp.br\/en\/wp-json\/wp\/v2\/posts"}],"about":[{"href":"https:\/\/revistapesquisa.fapesp.br\/en\/wp-json\/wp\/v2\/types\/post"}],"author":[{"embeddable":true,"href":"https:\/\/revistapesquisa.fapesp.br\/en\/wp-json\/wp\/v2\/users\/475"}],"replies":[{"embeddable":true,"href":"https:\/\/revistapesquisa.fapesp.br\/en\/wp-json\/wp\/v2\/comments?post=235457"}],"version-history":[{"count":0,"href":"https:\/\/revistapesquisa.fapesp.br\/en\/wp-json\/wp\/v2\/posts\/235457\/revisions"}],"wp:attachment":[{"href":"https:\/\/revistapesquisa.fapesp.br\/en\/wp-json\/wp\/v2\/media?parent=235457"}],"wp:term":[{"taxonomy":"category","embeddable":true,"href":"https:\/\/revistapesquisa.fapesp.br\/en\/wp-json\/wp\/v2\/categories?post=235457"},{"taxonomy":"post_tag","embeddable":true,"href":"https:\/\/revistapesquisa.fapesp.br\/en\/wp-json\/wp\/v2\/tags?post=235457"},{"taxonomy":"author","embeddable":true,"href":"https:\/\/revistapesquisa.fapesp.br\/en\/wp-json\/wp\/v2\/coauthors?post=235457"}],"curies":[{"name":"wp","href":"https:\/\/api.w.org\/{rel}","templated":true}]}}