{"id":290813,"date":"2019-06-24T16:13:44","date_gmt":"2019-06-24T19:13:44","guid":{"rendered":"https:\/\/revistapesquisa.fapesp.br\/?p=290813"},"modified":"2019-06-24T16:13:44","modified_gmt":"2019-06-24T19:13:44","slug":"treasures-of-the-sertao","status":"publish","type":"post","link":"https:\/\/revistapesquisa.fapesp.br\/en\/treasures-of-the-sertao\/","title":{"rendered":"Treasures of the <em>sert\u00e3o<\/em>"},"content":{"rendered":"<p>On January 26, 1859, a commission formed by some of the most renowned naturalists and intellectuals of the time boarded the steamer <em>Tocantins<\/em> bound for Cear\u00e1, on an expedition to explore the natural wealth of some of the lesser known provinces of Brazil. Lasting almost three years, the expedition identified and prospected for natural resources, and collected information on climatology, topography, river courses, minerals, fauna and flora, customs, languages, \u200b\u200band traditions. The goal of the expedition was to provide the government with a better understanding of the needs and potential of the region. Despite having been partly for the benefit of the National Museum in Rio de Janeiro and having helped to further strengthen the natural sciences in Brazil, the expedition was all but forgotten by historians of science in Brazil until it was once again recalled to memory in studies beginning in the 1990s. \u201cAlthough we don\u2019t know for sure, much of the material collected in the expedition is believed to have been lost to the fire that consumed the museum in September this year,\u201d says historian Karoline Viana Teixeira of the Center for the Humanities at the Federal University of Cear\u00e1 (UFC).<\/p>\n<p>The Scientific Exploration Commission is believed to be the first expedition consisting only of Brazilians. It was proposed in mid-1854 by naturalist Manuel Ferreira Lagos (1816\u20131871), of the comparative anatomy and zoology department at the National Museum, and finally approved in May 1856 in a meeting at the Brazilian Geographical and Historical Institute (IHGB), of which he was secretary. In his speech proposing the expedition, Ferreira Lagos was critical of the results of expeditions undertaken by foreigners such as English naturalist Francis de la Porte (1810\u20131880), who traveled Brazil on an expedition for France between 1837 and 1841. He believed the country had no want of talent and skills for scientific research.<\/p>\n<div id=\"attachment_290830\" style=\"max-width: 1610px\" class=\"wp-caption alignleft\"><a href=\"https:\/\/revistapesquisa.fapesp.br\/wp-content\/uploads\/2019\/06\/090-093_Mem\u00f3ria_274-4-1600.jpg\"><img loading=\"lazy\" decoding=\"async\" class=\"wp-image-290830 size-full\" src=\"https:\/\/revistapesquisa.fapesp.br\/wp-content\/uploads\/2019\/06\/090-093_Mem\u00f3ria_274-4-1600.jpg\" alt=\"\" width=\"1600\" height=\"1094\" srcset=\"https:\/\/revistapesquisa.fapesp.br\/wp-content\/uploads\/2019\/06\/090-093_Mem\u00f3ria_274-4-1600.jpg 1600w, https:\/\/revistapesquisa.fapesp.br\/wp-content\/uploads\/2019\/06\/090-093_Mem\u00f3ria_274-4-1600-250x171.jpg 250w, https:\/\/revistapesquisa.fapesp.br\/wp-content\/uploads\/2019\/06\/090-093_Mem\u00f3ria_274-4-1600-700x479.jpg 700w, https:\/\/revistapesquisa.fapesp.br\/wp-content\/uploads\/2019\/06\/090-093_Mem\u00f3ria_274-4-1600-120x82.jpg 120w\" sizes=\"auto, (max-width: 1600px) 100vw, 1600px\" \/><p class=\"wp-caption-text\"><span class=\"media-credits-inline\">Reproduced from the book <em>Aquarelas &amp; desenhos do cear\u00e1 oitocentista: o trabalho de Jos\u00e9 dos Reis Carvalho na comiss\u00e3o cient\u00edfica de explora\u00e7\u00e3o (1859\u20131861)<\/em><\/span><\/a> Illustrations of some of the plants found in the <em>sert\u00e3o<\/em>, including orchids and mallows<span class=\"media-credits\">Reproduced from the book <em>Aquarelas & desenhos do cear\u00e1 oitocentista: o trabalho de Jos\u00e9 dos Reis Carvalho na comiss\u00e3o cient\u00edfica de explora\u00e7\u00e3o (1859\u20131861)<\/em><\/span><\/p><\/div>\n<p>The expedition, as proposed to the Imperial Government, would survey the material resources available for commercial and industrial use, but also reflected Ferreira Lagos\u2019s ambition to expand collections at the National Museum. Part of the purpose of the commission, he said, would be to assemble for the institution \u201ca collection of organic and inorganic products and other evidence of the nature of the civilization, industry, and customs of our natives.\u201d The province of Cear\u00e1 was selected for the expedition in the hope of discovering precious metals. Although the land was long thought to hold mythical treasures, the Portuguese had showed little interest in exploring it due, perhaps, to its appearance, which seemed to them as no more than a large expanse of sand interspersed with dunes, bounded by an endless shoreline covered with mangroves.<\/p>\n<blockquote><p>Much of the material collected in the expedition is believed to have been lost to the fire that consumed the museum in September this year<\/p><\/blockquote>\n<p>Following its approval, the commission was organized into five sections, led by naturalists from institutions and scientific museums across Brazil. The botany section was led by Francisco Freire Alem\u00e3o (1797\u20131874), a preeminent Brazilian botanist, and the geology and mineralogy section by engineer Guilherme Sch\u00fcch de Capanema (1824\u20131908), of the National Museum. Ferreira Lagos was appointed to head the zoological section, while mathematician Giacomo Raja Gabaglia (1826\u20131872), of the Naval Academy, led the astronomical and geographical section. The Maranh\u00e3o-born poet Ant\u00f4nio Gon\u00e7alves Dias (1823\u20131864), of Col\u00e9gio Pedro II, in Rio, led the ethnographic section and kept a diary of the expedition. Jos\u00e9 dos Reis Carvalho (1798\u20131892), of the School of the Navy, was tasked with documenting through illustrations the plants, animals, people, and landscapes encountered in the expedition.<\/p>\n<div id=\"attachment_290822\" style=\"max-width: 1510px\" class=\"wp-caption alignright\"><a href=\"https:\/\/revistapesquisa.fapesp.br\/wp-content\/uploads\/2019\/06\/090-093_Mem\u00f3ria_274-2-1500.jpg\"><img loading=\"lazy\" decoding=\"async\" class=\"wp-image-290822 size-full\" src=\"https:\/\/revistapesquisa.fapesp.br\/wp-content\/uploads\/2019\/06\/090-093_Mem\u00f3ria_274-2-1500.jpg\" alt=\"\" width=\"1500\" height=\"1026\" srcset=\"https:\/\/revistapesquisa.fapesp.br\/wp-content\/uploads\/2019\/06\/090-093_Mem\u00f3ria_274-2-1500.jpg 1500w, https:\/\/revistapesquisa.fapesp.br\/wp-content\/uploads\/2019\/06\/090-093_Mem\u00f3ria_274-2-1500-250x171.jpg 250w, https:\/\/revistapesquisa.fapesp.br\/wp-content\/uploads\/2019\/06\/090-093_Mem\u00f3ria_274-2-1500-700x479.jpg 700w, https:\/\/revistapesquisa.fapesp.br\/wp-content\/uploads\/2019\/06\/090-093_Mem\u00f3ria_274-2-1500-120x82.jpg 120w\" sizes=\"auto, (max-width: 1500px) 100vw, 1500px\" \/><p class=\"wp-caption-text\"><span class=\"media-credits-inline\">Reproduced from the book <em>Aquarelas &amp; desenhos do cear\u00e1 oitocentista: o trabalho de Jos\u00e9 dos Reis Carvalho na comiss\u00e3o cient\u00edfica de explora\u00e7\u00e3o (1859\u20131861)<\/em><\/span><\/a> A soldier, a goat, and a <em>vivandi\u00e8re en route<\/em> to the town of Crato, Cear\u00e1, in 1859<span class=\"media-credits\">Reproduced from the book <em>Aquarelas & desenhos do cear\u00e1 oitocentista: o trabalho de Jos\u00e9 dos Reis Carvalho na comiss\u00e3o cient\u00edfica de explora\u00e7\u00e3o (1859\u20131861)<\/em><\/span><\/p><\/div>\n<p>Reis Carvalho was a student in the first class of the Imperial Academy of Fine Arts, which <em>dom<\/em> Jo\u00e3o VI had founded in 1826, in Rio de Janeiro, to introduce art education in Brazil after the manner of European art academies. A disciple of French painter and illustrator Jean-Baptiste Debret (1768\u20131848), Reis Carvalho was recognized as one of the most talented botanical artists of his time.<\/p>\n<p>The expedition was initially supported by Pedro II and Rio&#8217;s intellectual elite, and news of it came to the knowledge of European naturalists, among them botanist Carl Friedrich von Martius (1794\u20131868), with whom Freire Alem\u00e3o kept correspondence. Over a period of almost three years, the expedition explored the province of Cear\u00e1 and parts of Piau\u00ed, Rio Grande do Norte, Para\u00edba, and Pernambuco.<\/p>\n<div id=\"attachment_290834\" style=\"max-width: 2290px\" class=\"wp-caption alignleft\"><a href=\"https:\/\/revistapesquisa.fapesp.br\/wp-content\/uploads\/2019\/06\/090-093_Mem\u00f3ria_274-5-2280.jpg\"><img loading=\"lazy\" decoding=\"async\" class=\"wp-image-290834 size-full\" src=\"https:\/\/revistapesquisa.fapesp.br\/wp-content\/uploads\/2019\/06\/090-093_Mem\u00f3ria_274-5-2280.jpg\" alt=\"\" width=\"2280\" height=\"780\" srcset=\"https:\/\/revistapesquisa.fapesp.br\/wp-content\/uploads\/2019\/06\/090-093_Mem\u00f3ria_274-5-2280.jpg 2280w, https:\/\/revistapesquisa.fapesp.br\/wp-content\/uploads\/2019\/06\/090-093_Mem\u00f3ria_274-5-2280-250x86.jpg 250w, https:\/\/revistapesquisa.fapesp.br\/wp-content\/uploads\/2019\/06\/090-093_Mem\u00f3ria_274-5-2280-700x239.jpg 700w, https:\/\/revistapesquisa.fapesp.br\/wp-content\/uploads\/2019\/06\/090-093_Mem\u00f3ria_274-5-2280-120x41.jpg 120w\" sizes=\"auto, (max-width: 2280px) 100vw, 2280px\" \/><p class=\"wp-caption-text\"><span class=\"media-credits-inline\">Reproduced from the book <em>Aquarelas &amp; desenhos do cear\u00e1 oitocentista: o trabalho de Jos\u00e9 dos Reis Carvalho na comiss\u00e3o cient\u00edfica de explora\u00e7\u00e3o (1859\u20131861)<\/em><\/span><\/a> Some of the butterfly specimen described by the commission<span class=\"media-credits\">Reproduced from the book <em>Aquarelas & desenhos do cear\u00e1 oitocentista: o trabalho de Jos\u00e9 dos Reis Carvalho na comiss\u00e3o cient\u00edfica de explora\u00e7\u00e3o (1859\u20131861)<\/em><\/span><\/p><\/div>\n<p>During the course of this period, however, political and financial troubles threatened to place the venture in jeopardy. \u201cThe problems the commission faced were not only financial or related to the harsh weather and conditions in the <em>sert\u00e3o<\/em> [badlands], but also involved personal disputes among members, misunderstandings with local authorities, and the loss of the geological section\u2019s work materials during the sinking of the <em>Palpite<\/em> in Barra do Acara\u00fa when in transit to Fortaleza,\u201d wrote historian Maria Margaret Lopes of the Inter-University Graduate Program in Museology at the University of S\u00e3o Paulo\u2019s Museum of Archeology and Ethnology (MAE-USP), in an article published in the journal <em>Hist\u00f3ria, Ci\u00eancia, Sa\u00fade\u2014Manguinhos<\/em>.<\/p>\n<blockquote><p>The expedition was widely supported by Pedro II and Rio&#8217;s intellectual elite, and news of it reached European naturalists, including Carl Friedrich von Martius<\/p><\/blockquote>\n<p>Other episodes involving alleged libertine behavior on the part of Capanema and Gon\u00e7alves Dias, and the improper acclimatization of 14 camels that had been brought from Algeria to transport the commission members across the <em>sert\u00e3o<\/em>\u2014which later had to be traded for donkeys\u2014led to the expedition being seen in Rio as an ill-fated, expensive, and altogether useless initiative. \u201cAmid all this, those critical of the expedition began to call it, deprecatingly, the \u2018Butterfly Commission,\u2019\u201d wrote Karoline Teixeira of UFC in a 2013 article in<em> Cadernos de Hist\u00f3ria da Ci\u00eancia.<\/em><\/p>\n<p>Teixeira discusses the scientific commission\u2019s experience through the lens of an interpretation according to which the expedition was an attempt by the Empire to do science in support of its development, in a country seeking to come to terms with its colonial heritage while, at the same time, establishing itself as a modern nation capable of itself acquiring knowledge about its own territory. While many judged the expedition unsuccessful because it failed to discover the treasures it sought, Teixeira notes that the commission succeeded in assembling a diverse collection of birds, insects, and reptiles, which were later incorporated into the collections at the National Museum.<\/p>\n<div id=\"attachment_290826\" style=\"max-width: 1510px\" class=\"wp-caption alignright\"><a href=\"https:\/\/revistapesquisa.fapesp.br\/wp-content\/uploads\/2019\/06\/090-093_Mem\u00f3ria_274-3-1500.jpg\"><img loading=\"lazy\" decoding=\"async\" class=\"wp-image-290826 size-full\" src=\"https:\/\/revistapesquisa.fapesp.br\/wp-content\/uploads\/2019\/06\/090-093_Mem\u00f3ria_274-3-1500.jpg\" alt=\"\" width=\"1500\" height=\"959\" srcset=\"https:\/\/revistapesquisa.fapesp.br\/wp-content\/uploads\/2019\/06\/090-093_Mem\u00f3ria_274-3-1500.jpg 1500w, https:\/\/revistapesquisa.fapesp.br\/wp-content\/uploads\/2019\/06\/090-093_Mem\u00f3ria_274-3-1500-250x160.jpg 250w, https:\/\/revistapesquisa.fapesp.br\/wp-content\/uploads\/2019\/06\/090-093_Mem\u00f3ria_274-3-1500-700x448.jpg 700w, https:\/\/revistapesquisa.fapesp.br\/wp-content\/uploads\/2019\/06\/090-093_Mem\u00f3ria_274-3-1500-120x77.jpg 120w\" sizes=\"auto, (max-width: 1500px) 100vw, 1500px\" \/><p class=\"wp-caption-text\"><span class=\"media-credits-inline\">Reproduced from the book <em>Aquarelas &amp; desenhos do cear\u00e1 oitocentista: o trabalho de Jos\u00e9 dos Reis Carvalho na comiss\u00e3o cient\u00edfica de explora\u00e7\u00e3o (1859\u20131861)<\/em><\/span><\/a> A street-corner wedding party in an area near the Vargem Grande highlands (CE)<span class=\"media-credits\">Reproduced from the book <em>Aquarelas & desenhos do cear\u00e1 oitocentista: o trabalho de Jos\u00e9 dos Reis Carvalho na comiss\u00e3o cient\u00edfica de explora\u00e7\u00e3o (1859\u20131861)<\/em><\/span><\/p><\/div>\n<p>A total of 46 crates were also shipped to the institution from Cear\u00e1 with materials collected by the geological and botanical sections. The herbarium at the National Museum was furnished with approximately 14,000 plant specimens stored in welded tinplate boxes lined with wood. \u201cIt was then the largest botanical addition that had been made to the museum\u2019s collection,\u201d says Margaret Lopes. \u201cThe museum, which had previously struggled to raise funding to enlarge its collections, profited greatly from the commission&#8217;s work.\u201d<\/p>\n<blockquote><p>The expedition left a rich artistic and documentary legacy of illustrations, watercolors, and gouaches portraying mid-nineteenth century Cear\u00e1<\/p><\/blockquote>\n<p>Some of the items collected in the expedition went to the IHGB. Many utensils, handicrafts, weapons, and other artifacts were lithographed at the Brazilian Art Institute and hand-colored by German-born Henrique Fleiuss (1824\u20131882). In September 1861, the museum was the first to organize a trade show, in Rio, after the fashion of European exhibitions, featuring natural products and articles representing the traditions of the province of Cear\u00e1.<\/p>\n<p>The success of the initiative provided an impetus for the organization of a National Exhibition in preparation for the Great London Exposition in 1862, the first in which Brazil was to officially participate as an exhibitor. The expedition also left a rich artistic and documentary legacy of illustrations, watercolors, and gouaches by Reis Carvalho, forming a large collection portraying mid-nineteenth century Cear\u00e1, including its flora, rural and urban landscapes, architecture, artifacts, customs, and people. Part of the collection was compiled into the book <em>Aquarelas &amp; desenhos do cear\u00e1 oitocentista: O trabalho de Jos\u00e9 dos Reis Carvalho na Comiss\u00e3o Cient\u00edfica de Explora\u00e7\u00e3o (1859\u20131861)<\/em> (Watercolors &amp; illustrations of eighteenth-century Cear\u00e1: The work of Jos\u00e9 dos Reis Carvalho on the Scientific Exploration Commission [1859\u20131861]), launched in January 2017 by the National Institute for Historical and Artistic Heritage (IPHAN).<\/p>\n<div id=\"attachment_290818\" style=\"max-width: 1410px\" class=\"wp-caption alignnone\"><a href=\"https:\/\/revistapesquisa.fapesp.br\/wp-content\/uploads\/2019\/06\/090-093_Mem\u00f3ria_274-1-1400.jpg\"><img loading=\"lazy\" decoding=\"async\" class=\"wp-image-290818 size-full\" src=\"https:\/\/revistapesquisa.fapesp.br\/wp-content\/uploads\/2019\/06\/090-093_Mem\u00f3ria_274-1-1400.jpg\" alt=\"\" width=\"1400\" height=\"809\" srcset=\"https:\/\/revistapesquisa.fapesp.br\/wp-content\/uploads\/2019\/06\/090-093_Mem\u00f3ria_274-1-1400.jpg 1400w, https:\/\/revistapesquisa.fapesp.br\/wp-content\/uploads\/2019\/06\/090-093_Mem\u00f3ria_274-1-1400-250x144.jpg 250w, https:\/\/revistapesquisa.fapesp.br\/wp-content\/uploads\/2019\/06\/090-093_Mem\u00f3ria_274-1-1400-700x405.jpg 700w, https:\/\/revistapesquisa.fapesp.br\/wp-content\/uploads\/2019\/06\/090-093_Mem\u00f3ria_274-1-1400-120x69.jpg 120w\" sizes=\"auto, (max-width: 1400px) 100vw, 1400px\" \/><p class=\"wp-caption-text\"><span class=\"media-credits-inline\">Reproduced from the book <em>Aquarelas &amp; desenhos do cear\u00e1 oitocentista: o trabalho de Jos\u00e9 dos Reis Carvalho na comiss\u00e3o cient\u00edfica de explora\u00e7\u00e3o (1859\u20131861)<\/em><\/span><\/a> In this watercolor painting, dated 1860, Reis Carvalho depicts the Church of Our Lord of the Afflicted adjacent to modest houses in the small village of Arronches, near Fortaleza<span class=\"media-credits\">Reproduced from the book <em>Aquarelas & desenhos do cear\u00e1 oitocentista: o trabalho de Jos\u00e9 dos Reis Carvalho na comiss\u00e3o cient\u00edfica de explora\u00e7\u00e3o (1859\u20131861)<\/em><\/span><\/p><\/div>\n","protected":false},"excerpt":{"rendered":"A scientific expedition to Cear\u00e1 in the mid-nineteenth century helped to expand collections at the National Museum ","protected":false},"author":346,"featured_media":290814,"comment_status":"open","ping_status":"open","sticky":false,"template":"","format":"standard","meta":{"_acf_changed":false,"_exactmetrics_skip_tracking":false,"_exactmetrics_sitenote_active":false,"_exactmetrics_sitenote_note":"","_exactmetrics_sitenote_category":0,"footnotes":""},"categories":[152],"tags":[],"coauthors":[662],"class_list":["post-290813","post","type-post","status-publish","format-standard","has-post-thumbnail","hentry","category-retrospect"],"acf":[],"_links":{"self":[{"href":"https:\/\/revistapesquisa.fapesp.br\/en\/wp-json\/wp\/v2\/posts\/290813","targetHints":{"allow":["GET"]}}],"collection":[{"href":"https:\/\/revistapesquisa.fapesp.br\/en\/wp-json\/wp\/v2\/posts"}],"about":[{"href":"https:\/\/revistapesquisa.fapesp.br\/en\/wp-json\/wp\/v2\/types\/post"}],"author":[{"embeddable":true,"href":"https:\/\/revistapesquisa.fapesp.br\/en\/wp-json\/wp\/v2\/users\/346"}],"replies":[{"embeddable":true,"href":"https:\/\/revistapesquisa.fapesp.br\/en\/wp-json\/wp\/v2\/comments?post=290813"}],"version-history":[{"count":1,"href":"https:\/\/revistapesquisa.fapesp.br\/en\/wp-json\/wp\/v2\/posts\/290813\/revisions"}],"predecessor-version":[{"id":290838,"href":"https:\/\/revistapesquisa.fapesp.br\/en\/wp-json\/wp\/v2\/posts\/290813\/revisions\/290838"}],"wp:featuredmedia":[{"embeddable":true,"href":"https:\/\/revistapesquisa.fapesp.br\/en\/wp-json\/wp\/v2\/media\/290814"}],"wp:attachment":[{"href":"https:\/\/revistapesquisa.fapesp.br\/en\/wp-json\/wp\/v2\/media?parent=290813"}],"wp:term":[{"taxonomy":"category","embeddable":true,"href":"https:\/\/revistapesquisa.fapesp.br\/en\/wp-json\/wp\/v2\/categories?post=290813"},{"taxonomy":"post_tag","embeddable":true,"href":"https:\/\/revistapesquisa.fapesp.br\/en\/wp-json\/wp\/v2\/tags?post=290813"},{"taxonomy":"author","embeddable":true,"href":"https:\/\/revistapesquisa.fapesp.br\/en\/wp-json\/wp\/v2\/coauthors?post=290813"}],"curies":[{"name":"wp","href":"https:\/\/api.w.org\/{rel}","templated":true}]}}