{"id":352192,"date":"2020-10-14T15:02:32","date_gmt":"2020-10-14T18:02:32","guid":{"rendered":"https:\/\/revistapesquisa.fapesp.br\/?p=352192"},"modified":"2020-10-14T15:02:32","modified_gmt":"2020-10-14T18:02:32","slug":"health-in-the-balance-2","status":"publish","type":"post","link":"https:\/\/revistapesquisa.fapesp.br\/en\/health-in-the-balance-2\/","title":{"rendered":"Health in the balance"},"content":{"rendered":"<p>The Brazilian Federal Government\u2019s fiscal austerity program could slow the rate of decline in premature mortality in Brazil over a period extending to 2030. Premature mortality measures the number of deaths of individuals younger than 70\u2014often associated with respiratory infections, high blood pressure, malnutrition, and other health problems\u2014that could have been prevented had those individuals had access to primary care either at home or at local clinics. These conclusions were drawn by an international group led by Italian biologist Davide Rasella, from the Institute for Collective Health at the Federal University of Bahia (UFBA). He and his team modeled the potential impacts on coverage provided by two primary healthcare programs, Estrat\u00e9gia Sa\u00fade da Fam\u00edlia (ESF) and Mais M\u00e9dicos, after a constitutional amendment imposed a 20-year cap on government spending in 2016.Using mathematical and statistical modeling, the authors estimated the effects of government spending cuts in healthcare on 5,507 Brazilian municipalities. Their modeling work was based on data available from the World Bank, the Brazilian Ministry of Health, the Brazilian Institute of Geography and Statistics (IBGE), and the Institute for Applied Economic Research (IPEA). The study, published in April in <em>BMC Medicine<\/em>, modeled the potential impact of four scenarios over the next 10 years. In one scenario, the ESF coverage remains relatively constant, at 80.4% of the population in 2030\u2014compared with 84.7% currently. In a second scenario, the ESF coverage is reduced to 37.8%, but the Mais M\u00e9dicos program is maintained. A third, which was the worst-case scenario, models the termination of Mais M\u00e9dicos and a reduction in ESF coverage to 16% of the population. In the fourth, which was the best-case scenario, both programs provide universal coverage.<\/p>\n<p>In all the modeled scenarios, including the worst-case scenario, the projections indicate a reduction in the mean premature mortality in Brazil through 2030 from a current baseline of 45 annual deaths per 100,000 people. The rate of decline, however, is slowed as healthcare spending is reduced. In the best-case scenario, with universal access to the services available from both programs, mortality decreases to 38 deaths per 100,000 people in 2030. In the scenario with the harshest budget cuts, mortality declines more modestly, to 43 deaths per 100,000 people. According to the study, the severest austerity scenario would result in 48,546 more premature deaths over the following decade compared with those under the current levels of program coverage.<\/p>\n<p>Rasella warns that the impact of reducing the ESF coverage would be greatest on the poorest municipalities of Brazil. The researchers also note that premature death rates due to complications associated with infectious diseases and malnutrition would be 11.7% higher in the worst-case scenario compared with those under the current coverage levels in these regions. \u201cShrinking ESF coverage would affect the population groups that are the most vulnerable from a social and economic standpoint and have the worst mortality rates compared to the rest of the population,\u201d says Rasella.<\/p>\n<p>Moreover, these projections capture only a portion of the effects from reduced spending on the ESF and Mais M\u00e9dicos\u2014premature mortality accounts for only 10-15% of the total deaths in Brazil. A 2018 study using the same methodology published in <em>PLOS Medicine<\/em> by the UFBA group estimated that lower spending on the ESF and Bolsa Fam\u00edlia would result in 19,732 more deaths among children under 5 by 2030.<\/p>\n<\/div><div class='overflow-responsive-img' style='text-align:center'><picture data-tablet=\"\/wp-content\/uploads\/2020\/10\/ENG_InfoJ-0-tablet.png\" data-tablet_size=\"1900x1867\" alt=\"\">\n    <source srcset=\"\/wp-content\/uploads\/2020\/10\/ENG_InfoJ-0-desktop.png\" media=\"(min-width: 1920px)\" \/>\n    <source srcset=\"\/wp-content\/uploads\/2020\/10\/ENG_InfoJ-0-tablet.png\" media=\"(min-width: 1140px)\" \/>\n    <img decoding=\"async\" class=\"responsive-img\" src=\"\/wp-content\/uploads\/2020\/10\/ENG_InfoJ-0-mobile.png\" \/>\n  <\/picture><\/div><div class=\"post-content sequence\">\n<p><strong>An ideal model<\/strong><br \/>\nThe ESF program was introduced in 1994 and has become one of the primary gateways into the Brazilian National Healthcare System (SUS). Multidisciplinary teams of healthcare professionals provide services covering prevention, recovery, and rehabilitation from illnesses and other health complaints. The program currently has 43,000 teams on the ground visiting patients at their homes. \u201cOver the previous 25 years, ESF has proven to be the ideal model for primary care and has supported a reduction in preventable child deaths and hospitalizations,\u201d says Ros\u00e1lia Neves of the Federal University of Pelotas (UFPel) in Rio Grande do Sul, one of the authors of a 2018 paper about the ESF in <em>Epidemiologia e Servi\u00e7os de Sa\u00fade<\/em>. The study reports that ESF coverage gradually expanded after its initial implementation, growing from 45.3% of the population in 2006 to 64%, or 123 million people, in 2016. However, coverage levels have recently begun to decline. The Brazilian Ministry of Health estimates that 3 million people lost coverage from November 2018 to May this year.<\/p>\n<p>Mais M\u00e9dicos is a more recent program. The initiative, launched by the federal government in 2013 to increase the number of physicians practicing in underserved and remote areas of Brazil, costs an average of R$1.1 billion per year, according to a paper in <em>Revista Pan-Americana de Sa\u00fade P\u00fablica<\/em>. Many of the 18,000 professionals in the program are from Cuba. An estimated 2,000 of the 8,000 Cuban doctors who came to Brazil are likely to stay in the country (not all practicing within Mais M\u00e9dicos).<\/p>\n<p>Physician Victor Wunsch, a professor at the School of Public Health at the University of S\u00e3o Paulo (FSP-USP), who was not part of Rasella\u2019s research group, argues that studies such as these are useful in alerting policymakers to the consequences of policy decisions made today. He notes, however, that they are not always taken into account in decision-making. \u201cEpidemiologists themselves are often skeptical of accepting modeling results, as political and economic circumstances may change dramatically in short spaces of time\u201d, says Wunsch. \u201cHowever, the <em>BMC Medicine <\/em>paper provides a helpful picture of the likely future health impacts of the current government policy.\u201d<\/p>\n<p>In addition to a higher rate of premature deaths among economically active adults\u2014the impact modeled in this study\u2014Wunsch notes that any reduction in primary care coverage within the SUS can also have wider effects on families and society that are difficult to measure. \u201cHigh-quality outpatient care helps to reduce hospitalizations and provides significant savings in public healthcare spending,\u201d he says.<\/p>\n<p class=\"bibliografia separador-bibliografia\"><strong>Scientific articles<\/strong><br \/>\nRASELLA, D. <em>et al<\/em>. <a href=\"https:\/\/link.springer.com\/article\/10.1186\/s12916-019-1316-7\" target=\"_blank\" rel=\"noopener noreferrer\">Mortality associated with alternative primary healthcare policies: A nationwide microsimulation modelling study in Brazil<\/a>. <strong>BMC Medicine<\/strong>. v. 17, p. 1\u201311. Apr. 2019.<br \/>\nNeves, R. G. <em>et al<\/em>. <a href=\"https:\/\/www.scielosp.org\/article\/ress\/2018.v27n3\/e2017170\/en\/\" target=\"_blank\" rel=\"noopener noreferrer\">Time trend of Family Health Strategy coverage in Brazil, its regions and federative units, 2006\u20132016<\/a>. <strong>Epidemiologia e Servi\u00e7os de Sa\u00fade<\/strong>. v. 27, i. 3, p. 1\u20138. Sept. 2018.<br \/>\nRASELLA, D. <em>et al<\/em>. <a href=\"https:\/\/journals.plos.org\/plosmedicine\/article?id=10.1371\/journal.pmed.1002570\" target=\"_blank\" rel=\"noopener noreferrer\">Child morbidity and mortality associated with alternative policy responses to the economic crisis in Brazil: A nationwide microsimulation study<\/a>. <strong>PLOS Medicine<\/strong>. May 2018.<\/p>\n<p class=\"bibliografia\"><strong>Published in August 2019<\/strong><\/p>\n","protected":false},"excerpt":{"rendered":"Modeling shows that spending cuts in primary care could curb the decline in premature mortality","protected":false},"author":346,"featured_media":0,"comment_status":"closed","ping_status":"closed","sticky":false,"template":"","format":"standard","meta":{"_acf_changed":false,"_exactmetrics_skip_tracking":false,"_exactmetrics_sitenote_active":false,"_exactmetrics_sitenote_note":"","_exactmetrics_sitenote_category":0,"footnotes":""},"categories":[159],"tags":[229,256],"coauthors":[662],"class_list":["post-352192","post","type-post","status-publish","format-standard","hentry","category-science","tag-epidemiology","tag-public-policies","keywords-mortality","keywords-pediatry","keywords-premature-mortality"],"acf":[],"_links":{"self":[{"href":"https:\/\/revistapesquisa.fapesp.br\/en\/wp-json\/wp\/v2\/posts\/352192","targetHints":{"allow":["GET"]}}],"collection":[{"href":"https:\/\/revistapesquisa.fapesp.br\/en\/wp-json\/wp\/v2\/posts"}],"about":[{"href":"https:\/\/revistapesquisa.fapesp.br\/en\/wp-json\/wp\/v2\/types\/post"}],"author":[{"embeddable":true,"href":"https:\/\/revistapesquisa.fapesp.br\/en\/wp-json\/wp\/v2\/users\/346"}],"replies":[{"embeddable":true,"href":"https:\/\/revistapesquisa.fapesp.br\/en\/wp-json\/wp\/v2\/comments?post=352192"}],"version-history":[{"count":5,"href":"https:\/\/revistapesquisa.fapesp.br\/en\/wp-json\/wp\/v2\/posts\/352192\/revisions"}],"predecessor-version":[{"id":354533,"href":"https:\/\/revistapesquisa.fapesp.br\/en\/wp-json\/wp\/v2\/posts\/352192\/revisions\/354533"}],"wp:attachment":[{"href":"https:\/\/revistapesquisa.fapesp.br\/en\/wp-json\/wp\/v2\/media?parent=352192"}],"wp:term":[{"taxonomy":"category","embeddable":true,"href":"https:\/\/revistapesquisa.fapesp.br\/en\/wp-json\/wp\/v2\/categories?post=352192"},{"taxonomy":"post_tag","embeddable":true,"href":"https:\/\/revistapesquisa.fapesp.br\/en\/wp-json\/wp\/v2\/tags?post=352192"},{"taxonomy":"author","embeddable":true,"href":"https:\/\/revistapesquisa.fapesp.br\/en\/wp-json\/wp\/v2\/coauthors?post=352192"}],"curies":[{"name":"wp","href":"https:\/\/api.w.org\/{rel}","templated":true}]}}