{"id":417768,"date":"2022-01-10T16:31:00","date_gmt":"2022-01-10T19:31:00","guid":{"rendered":"https:\/\/revistapesquisa.fapesp.br\/?p=417768"},"modified":"2022-01-10T16:31:00","modified_gmt":"2022-01-10T19:31:00","slug":"invisible-subjects","status":"publish","type":"post","link":"https:\/\/revistapesquisa.fapesp.br\/en\/invisible-subjects\/","title":{"rendered":"Invisible subjects"},"content":{"rendered":"<p>\u201cA Venezuelan girl crosses the Brazilian customs gate. Wearing her hair in braids with a pink ribbon, she has a pink coat and carries on her slightly stooped back a backpack that appears to be heavy. Under her arm, she carries a large pillow, almost the size of her small, thin body. Her facial expression is serious, and she appears tired. Her steps are firm and a little hurried, following behind a woman who leads the way. Her gaze is lost. They go along with the flow of people, finally arriving at an area where wooden benches have been lined up; there, they are to wait for the first of several appointments. Adults and children, all looking tired, join them, also waiting for more information. In this moment, no one gets preferential treatment.\u201d<\/p>\n<p>The above is an excerpt from the field journal of researcher Fernanda Paraguassu, published in her master\u2019s dissertation, \u201cNarrativas de inf\u00e2ncias refugiadas: A crian\u00e7a como protagonista da pr\u00f3pria hist\u00f3ria\u201d (Narratives of refugee childhoods \u2013 Children as protagonists of their own story), defended in 2020 for the Postgraduate Program in Communication and Culture at the Federal University of Rio de Janeiro (ECO-UFRJ). In order to carry out the study, which has just been awarded for best in its category by the National Association of Postgraduate Programs in Communication (Comp\u00f3s), Paraguassu visited Venezuelan refugee shelters in the state of Roraima and interviewed children between 7 and 12 years, all refugees or asylum seekers from Venezuela and the Democratic Republic of Congo, raised in Rio de Janeiro.<\/p>\n<p>\u201cOur most significant challenge was not the language barrier, especially since the children already spoke Portuguese, but gaining the trust of the children and their guardians,\u201d shares the researcher. During the process, Paraguassu had help from nongovernmental organizations and used playful activities to interact with them. \u201cThe goal was to establish a line of communication and bond with them,\u201d says Mohammed ElHajji, supervisor of Paraguassu\u2019s research at UFRJ. ElHajji is Moroccan and has lived in Brazil for three decades. \u201cGenerally speaking, the child does not choose to migrate. In addition to their lack of autonomy, they are often virtually invisible during this process. It is key that they are given an active voice.\u201d<\/p>\n<p>The same problem reverberates in the academic world. \u201cThere are few studies in Brazil about refugee and immigrant children and adolescents. Most studies on migration issues are focused on adults and their motivations,\u201d says Katia Nor\u00f5es, a professor of pedagogy at the Mato Grosso do Sul State University (UEMS). \u201cIn terms of research, younger children, age 6 and under, are even worse off,\u201d adds pedagogue Fl\u00e1vio Santiago, a postdoctoral intern at the University of S\u00e3o Paulo School of Education (FE-USP), who is currently investigating the situation of immigrants of African origin in early childhood education units in S\u00e3o Paulo.<\/p>\n<p>In order to bring more visibility to the topic, the pair organized the dossier <em>Migra\u00e7\u00f5es internacionais e inf\u00e2ncias<\/em> (International migration and childhood), recently published in <em>Zero-a-Seis <\/em>magazine, by the Center for the Study and Research of Early Childhood Education at the Federal University of Santa Catarina (NUPEIN-UFSC). The magazine includes work by Brazilian and foreign researchers from areas such as geography, education, sociology, psychology, and law. \u201cThe goal was to frame the child as the protagonist in the discussion about migration, both in Brazil and abroad, and to approach the topic from an interdisciplinary perspective,\u201d explains Nor\u00f5es.<\/p>\n<p>\u201cImmigration is an irreversible phenomenon in the contemporary world,\u201d points out sociologist Rosana Baeninger, a retired professor at the Institute of Philosophy and the Humanities at the University of Campinas (IFCH-UNICAMP) and researcher at the Center for Population Studies (NEPO), at the same institution. According to the United Nations High Commissioner for Refugees (UNHCR), the number of people in forced displacement in 2020 reached its highest level ever recorded, totaling 82.4 million individuals across the planet. Of these, more than 26.4 million sought refuge in other countries.<\/p>\n<p><a href=\"https:\/\/revistapesquisa.fapesp.br\/wp-content\/uploads\/2021\/12\/082-085_refugiados_308-1-1140.jpg\"><img loading=\"lazy\" decoding=\"async\" width=\"1140\" height=\"512\" class=\"alignright size-full wp-image-417962\" src=\"https:\/\/revistapesquisa.fapesp.br\/wp-content\/uploads\/2021\/12\/082-085_refugiados_308-1-1140.jpg\" alt=\"\" srcset=\"https:\/\/revistapesquisa.fapesp.br\/wp-content\/uploads\/2021\/12\/082-085_refugiados_308-1-1140.jpg 1140w, https:\/\/revistapesquisa.fapesp.br\/wp-content\/uploads\/2021\/12\/082-085_refugiados_308-1-1140-250x112.jpg 250w, https:\/\/revistapesquisa.fapesp.br\/wp-content\/uploads\/2021\/12\/082-085_refugiados_308-1-1140-700x314.jpg 700w, https:\/\/revistapesquisa.fapesp.br\/wp-content\/uploads\/2021\/12\/082-085_refugiados_308-1-1140-120x54.jpg 120w\" sizes=\"auto, (max-width: 1140px) 100vw, 1140px\" \/><span class=\"media-credits-inline\">Paulo Chavonga<\/span><\/a><\/p>\n<p>According to the same survey, children, and adolescents account for approximately half of the world\u2019s refugee population. Brazil\u2019s situation, however, is different. According to the <em>Ref\u00fagio em pauta <\/em>(Refugees on the agenda) podcast\u2014produced by the UNHCR in partnership with 23 Brazilian universities that are part of the S\u00e9rgio Vieira de Mello Chair\u2014in 2020, children made up around 10% of the 57,000 refugees living in Brazil. Most of them were being raised in the states of Roraima, S\u00e3o Paulo, and Rio de Janeiro, and came from Venezuela, Syria, and the Democratic Republic of Congo.<\/p>\n<p>\u201cThe number of refugee children here is much lower than the global average, for several reasons. One of them is the geographic distance between Brazil and countries in Africa and the Middle East, a factor that makes traveling with children more expensive and often unfeasible,\u201d observes sociologist Monique Roecker Lazarin, from the Casa de Acolhida Dom Luciano Mendes de Almeida, which helps Venezuelan immigrants and refugees in the city of S\u00e3o Paulo. In a master\u2019s dissertation defended in 2019 at the Center for Education and Human Sciences at the Federal University of S\u00e3o Carlos (CECH-UFSCar), Lazarin analyzed data from the National Committee for Refugees (CONARE), linked to the Ministry of Justice, and came up with a profile of the children who arrived in Brazil between the late 1990s and 2016. \u201cThere is a lack of specific data on child immigration in Brazil, which is an obstacle for researchers,\u201d highlights sociologist Anete Abramowicz, from FE-USP, who supervised the research.<\/p>\n<p>According to Lazarin, the immigrants who were forced to come to Brazil during that time were mostly adult males. Among the children, the number of boys and girls was relatively equal. In this case, according to Abramowicz, the issue of gender is key. \u201cRefugee girls usually take on the role of caretakers at home while their mothers work, and are thus unable to attend school,\u201d points out the researcher. \u201cThey need pedagogical attention, so they don\u2019t drop out of school and face even more obstacles later in life.\u201d<\/p>\n<p>\u201cEducation has a key role in the social integration of immigrant and refugee children and families,\u201d highlights Lineu Kohatsu, from the USP Institute of Psychology (IP), one of the organizers of the International Seminar on Immigration and Education, held recently at USP\u2019s Institute of Advanced Studies (IEA). Paraguassu agrees. \u201cGenerally speaking, children learn the local language before their parents and become a bridge between their family and society. As a result, they prematurely take on roles of great responsibility, such as reading banking documents or rental agreements,\u201d reports the researcher, author of the children\u2019s book <em>A menina que abra\u00e7a o vento: A hist\u00f3ria de uma refugiada congolesa <\/em>(The girl who hugs the wind \u2013 The story of a Congolese refugee; Voo, 2017).<\/p>\n<p>Although there is no specific legislation in Brazil that guarantees refugee children\u2019s access to education, this issue has been evolving since the 1990s, with the establishment of tools such as the Statute of the Child and Adolescent (ECA). This is what researchers Maria Luiza Posser Tonetto and Jos\u00e9li Fiorin Gomes point out in their article <em>Um filho no mundo e um mundo virado: Uma an\u00e1lise sobre obst\u00e1culos \u00e0 efetividade do acesso \u00e0 educa\u00e7\u00e3o de crian\u00e7as refugiadas no Brasil<\/em> (A child in the world and an upside-down world \u2013 An analysis of the obstacles to effective access to education for refugee children in Brazil), published in the <em>Zero-a-Seis<\/em> dossier. \u201cWe have very good laws, but we need to improve how they are enforced and interpreted,\u201d defends Gomes, a professor of law at the Federal University of Santa Maria (UFSM). Tonetto believes it is not enough to ensure access to school. \u201cThe school must also be prepared to receive these immigrants,\u201d she observes. She also states that all the documents needed at the time of enrollment can be a challenge. \u201cDuring the processing of refugees, CONARE issues a declaration that, according to the current laws, the child is guaranteed the right to education. However, due to lack of information or capriciousness, schools often do not accept this document or demand certificates that the family does not have, such as school records,\u201d adds the researcher, who is investigating the issue in her master\u2019s dissertation in education at UFSM.<\/p>\n<p>In a postdoctoral study developed at the University of Porto, in Portugal, Kohatsu, from IP-USP, analyzed the experience of a municipal elementary school in S\u00e3o Paulo, where 20% of the 490 children enrolled were from other countries or were children of immigrants, especially from Bolivia. \u201cThere was a lot of discrimination and bullying of these students until 2011, when a new principal took over and began communicating more actively with parents and students. Gradually, other teachers began implementing projects that promote the appreciation of the culture of immigrants,\u201d he shares. \u201cAccording to the school staff and the immigrant families interviewed during the research, these actions significantly reduced the explicit manifestations of prejudice and discrimination, in addition to encouraging interaction between students.\u201d<\/p>\n<p>Baeninger states that the perception of immigrant and refugee children in Brazilian society has changed over time, and not necessarily for the better. \u201cWhile white children of European origin, who came with their families through migration policies enforced by the Brazilian government at the turn of the 19<sup>th<\/sup> century and after the Second World War, were more easily accepted, sadly the same isn\u2019t true for the children who came in recent years, many of whom are black or indigenous, and thus more vulnerable to racism and xenophobia,\u201d she laments. The expert recalls that, in the 21<sup>st<\/sup> century, with the closing of the borders of the global North for economic reasons, migration takes place, above all, between countries in the Southern Hemisphere. \u201cBrazilian society must be prepared to receive these new migration flows, particularly in the context of crises, as is the case for Afghan children, and understand that our future is multicultural,\u201d she concludes.<\/p>\n<p class=\"bibliografia separador-bibliografia\"><strong>Scientific articles<\/strong><br \/>\nKOHATSU, L. N.<em> et al.<\/em> <a href=\"https:\/\/www.scielo.br\/j\/pee\/a\/MRJCDFcLGqrvjV9N6GHdGhn\/abstract\/?lang=pt\" target=\"_blank\" rel=\"noopener\">Educa\u00e7\u00e3o de alunos imigrantes: A experi\u00eancia de uma escola p\u00fablica em S\u00e3o Paulo<\/a>. <strong>Psicologia Escolar e Educacional<\/strong>. Vol. 24, pp. 1\u20139. 2020.<br \/>\nNOR\u00d5ES, K. C. and SANTIAGO, F. (org.). <a href=\"https:\/\/periodicos.ufsc.br\/index.php\/zeroseis\/article\/view\/77869\" target=\"_blank\" rel=\"noopener\">Dossi\u00ea: Migra\u00e7\u00f5es internacionais e inf\u00e2ncias<\/a>. <strong>Revista Zero-a-Seis. <\/strong>Vol. 23, no. 43. Mar. 2021.<\/p>\n<p class=\"bibliografia\">Book<br \/>\nPARAGUASSU, F. <strong>A menina que abra\u00e7a o vento: A hist\u00f3ria de uma refugiada congolesa<\/strong>. Curitiba, Belo Horizonte: Voo, 2017.<\/p>\n","protected":false},"excerpt":{"rendered":"Researchers investigate the challenges faced by immigrant and refugee children and adolescents, a topic still widely underexplored by Brazilian universities ","protected":false},"author":689,"featured_media":417958,"comment_status":"closed","ping_status":"closed","sticky":false,"template":"","format":"standard","meta":{"_acf_changed":false,"_exactmetrics_skip_tracking":false,"_exactmetrics_sitenote_active":false,"_exactmetrics_sitenote_note":"","_exactmetrics_sitenote_category":0,"footnotes":""},"categories":[165],"tags":[222,256],"coauthors":[3453],"class_list":["post-417768","post","type-post","status-publish","format-standard","has-post-thumbnail","hentry","category-humanities","tag-demography","tag-public-policies","keywords-immigration","keywords-refugee"],"acf":[],"_links":{"self":[{"href":"https:\/\/revistapesquisa.fapesp.br\/en\/wp-json\/wp\/v2\/posts\/417768","targetHints":{"allow":["GET"]}}],"collection":[{"href":"https:\/\/revistapesquisa.fapesp.br\/en\/wp-json\/wp\/v2\/posts"}],"about":[{"href":"https:\/\/revistapesquisa.fapesp.br\/en\/wp-json\/wp\/v2\/types\/post"}],"author":[{"embeddable":true,"href":"https:\/\/revistapesquisa.fapesp.br\/en\/wp-json\/wp\/v2\/users\/689"}],"replies":[{"embeddable":true,"href":"https:\/\/revistapesquisa.fapesp.br\/en\/wp-json\/wp\/v2\/comments?post=417768"}],"version-history":[{"count":3,"href":"https:\/\/revistapesquisa.fapesp.br\/en\/wp-json\/wp\/v2\/posts\/417768\/revisions"}],"predecessor-version":[{"id":419655,"href":"https:\/\/revistapesquisa.fapesp.br\/en\/wp-json\/wp\/v2\/posts\/417768\/revisions\/419655"}],"wp:featuredmedia":[{"embeddable":true,"href":"https:\/\/revistapesquisa.fapesp.br\/en\/wp-json\/wp\/v2\/media\/417958"}],"wp:attachment":[{"href":"https:\/\/revistapesquisa.fapesp.br\/en\/wp-json\/wp\/v2\/media?parent=417768"}],"wp:term":[{"taxonomy":"category","embeddable":true,"href":"https:\/\/revistapesquisa.fapesp.br\/en\/wp-json\/wp\/v2\/categories?post=417768"},{"taxonomy":"post_tag","embeddable":true,"href":"https:\/\/revistapesquisa.fapesp.br\/en\/wp-json\/wp\/v2\/tags?post=417768"},{"taxonomy":"author","embeddable":true,"href":"https:\/\/revistapesquisa.fapesp.br\/en\/wp-json\/wp\/v2\/coauthors?post=417768"}],"curies":[{"name":"wp","href":"https:\/\/api.w.org\/{rel}","templated":true}]}}