{"id":462770,"date":"2022-12-13T16:07:00","date_gmt":"2022-12-13T19:07:00","guid":{"rendered":"https:\/\/revistapesquisa.fapesp.br\/?p=462770"},"modified":"2022-12-13T16:07:00","modified_gmt":"2022-12-13T19:07:00","slug":"brazil-falls-short-of-higher-education-enrollment-target","status":"publish","type":"post","link":"https:\/\/revistapesquisa.fapesp.br\/en\/brazil-falls-short-of-higher-education-enrollment-target\/","title":{"rendered":"Brazil falls short of higher education enrollment target"},"content":{"rendered":"<ul>\n<li>The Adjusted Net Enrollment Rate<sup>1<\/sup> (ANER), which shows the percentage of people aged 18 to 24 who have completed or are currently enrolled in higher education, decreased from 26.6% in 2020 to 25% in 2022. The figure is calculated by summing the Net Enrollment Rate (NER) and the Net Completion Rate (NCR) for higher education. The NER (the percentage of 18 to 24 year olds enrolled in higher education) fell from 21.5% to 20.1% between 2020 and 2022. The NCR\u2014the percentage of the same age group that have already completed an undergraduate course\u2014fell from 5.1% to 4.8%, reversing an upward trend that began in 2015<\/li>\n<\/ul>\n<picture data-tablet=\"\/wp-content\/uploads\/2022\/12\/009_Dados_319-0-desktop.png\" data-tablet_size=\"670x150\" alt=\"Popula\u00e7\u00e3o em idade publicitaria\">\n    <source srcset=\"\/wp-content\/uploads\/2022\/12\/009_Dados_319-0-desktop.png\" media=\"(min-width: 1920px)\" \/>\n    <source srcset=\"\/wp-content\/uploads\/2022\/12\/009_Dados_319-0-desktop.png\" media=\"(min-width: 1140px)\" \/>\n    <img decoding=\"async\" class=\"responsive-img\" src=\"\/wp-content\/uploads\/2022\/12\/009_Dados_319-0-mobile.png\" \/>\n  <\/picture>\n<ul>\n<li>Brazil\u2019s National Education Plan (NEP) for 2014\u20132024<sup>3<\/sup> established a target adjusted rate (ANER) of 33% by 2024. The recent drop reflects a decline in enrollments, possibly due to the COVID-19 pandemic, making it unlikely that the target will be met<\/li>\n<li>The Federal District, with an ANER of 44.3%, was the only state to hit the target in 2022. The three that follow\u2014S\u00e3o Paulo (30.8%), Paran\u00e1 (29.8%), and Santa Catarina (29.6%)\u2014will have to make a significant effort to reach the target, and the rest of Brazil\u2019s states even more so<\/li>\n<\/ul>\n<picture data-tablet=\"\/wp-content\/uploads\/2022\/12\/009_Dados_319-1-desktop.png\" data-tablet_size=\"670x320\" alt=\"Taxas L\u00edquidas de Matr\u00edculas2\">\n    <source srcset=\"\/wp-content\/uploads\/2022\/12\/009_Dados_319-1-desktop.png\" media=\"(min-width: 1920px)\" \/>\n    <source srcset=\"\/wp-content\/uploads\/2022\/12\/009_Dados_319-1-desktop.png\" media=\"(min-width: 1140px)\" \/>\n    <img decoding=\"async\" class=\"responsive-img\" src=\"\/wp-content\/uploads\/2022\/12\/009_Dados_319-1-mobile.png\" \/>\n  <\/picture>\n<ul>\n<li>The table of major regions and population groups shows that the Northeast (18.9%) and North (21%) are still far below the target, while the others are close to 30%<\/li>\n<li>For women, the NEP\u2019s goal was achieved in the South and Midwest. In addition to these two regions, the Southeast also reached the target among people that declared themselves as white or Asian<\/li>\n<li>In contrast, no region hit the target for the male population or people who declared themselves as black, multiracial, or indigenous. The Midwest had the smallest differences between the groups considered<\/li>\n<\/ul>\n<picture data-tablet=\"\/wp-content\/uploads\/2022\/12\/009_Dados_319-2-desktop.png\" data-tablet_size=\"670x340\" alt=\"Taxa L\u00edquida de Matr\u00edculas Ajustadas na educa\u00e7\u00e3o\">\n    <source srcset=\"\/wp-content\/uploads\/2022\/12\/009_Dados_319-2-desktop.png\" media=\"(min-width: 1920px)\" \/>\n    <source srcset=\"\/wp-content\/uploads\/2022\/12\/009_Dados_319-2-desktop.png\" media=\"(min-width: 1140px)\" \/>\n    <img decoding=\"async\" class=\"responsive-img\" src=\"\/wp-content\/uploads\/2022\/12\/009_Dados_319-2-mobile.png\" \/>\n  <\/picture>\n<p class=\"bibliografia separador-bibliografia\"><strong>Notes (1)<\/strong> Enrollment rates in Brazil are based on the 18\u201324 age group, which includes many people who have already completed a degree (5.4% in 2021) and therefore would not be considered in the NER, distorting the indicator. To eliminate this effect, the ANER is considered <strong>(2)<\/strong> The MEC designates all rates as \u201cenrollment rates,\u201d but this concept is used internationally for graduates by educational level, not for those enrolled at a certain level. We preferred to separate the two concepts <strong>(3)<\/strong> National Education Plan 2014\u20132024, Law No. 13.005 of 06\/25\/2014<\/p>\n<p class=\"bibliografia\"><strong>Sources<\/strong> Report based on the NEP\u2019s 4<sup>th<\/sup> Monitoring Cycle, INEP\/MEC, 2022. Accessed on<br \/>\n08\/05\/2022 https:\/\/download.inep.gov.br\/publicacoes\/institucionais\/plano_nacional_de_educacao\/<br \/>\nrelatorio_do_quarto_ciclo_de_monitoramento_das_metas_do_plano_nacional_de_educacao.<br \/>\npdf and IBGE, Continuous National Household Sample Survey<\/p>\n<p>&nbsp;<\/p>\n","protected":false},"excerpt":{"rendered":"Data shows Brazil is falling short of higher education enrollment target","protected":false},"author":475,"featured_media":0,"comment_status":"closed","ping_status":"closed","sticky":false,"template":"","format":"standard","meta":{"_acf_changed":false,"_exactmetrics_skip_tracking":false,"_exactmetrics_sitenote_active":false,"_exactmetrics_sitenote_note":"","_exactmetrics_sitenote_category":0,"footnotes":""},"categories":[1328],"tags":[226],"coauthors":[785],"class_list":["post-462770","post","type-post","status-publish","format-standard","hentry","category-data","tag-education"],"acf":[],"_links":{"self":[{"href":"https:\/\/revistapesquisa.fapesp.br\/en\/wp-json\/wp\/v2\/posts\/462770","targetHints":{"allow":["GET"]}}],"collection":[{"href":"https:\/\/revistapesquisa.fapesp.br\/en\/wp-json\/wp\/v2\/posts"}],"about":[{"href":"https:\/\/revistapesquisa.fapesp.br\/en\/wp-json\/wp\/v2\/types\/post"}],"author":[{"embeddable":true,"href":"https:\/\/revistapesquisa.fapesp.br\/en\/wp-json\/wp\/v2\/users\/475"}],"replies":[{"embeddable":true,"href":"https:\/\/revistapesquisa.fapesp.br\/en\/wp-json\/wp\/v2\/comments?post=462770"}],"version-history":[{"count":4,"href":"https:\/\/revistapesquisa.fapesp.br\/en\/wp-json\/wp\/v2\/posts\/462770\/revisions"}],"predecessor-version":[{"id":462798,"href":"https:\/\/revistapesquisa.fapesp.br\/en\/wp-json\/wp\/v2\/posts\/462770\/revisions\/462798"}],"wp:attachment":[{"href":"https:\/\/revistapesquisa.fapesp.br\/en\/wp-json\/wp\/v2\/media?parent=462770"}],"wp:term":[{"taxonomy":"category","embeddable":true,"href":"https:\/\/revistapesquisa.fapesp.br\/en\/wp-json\/wp\/v2\/categories?post=462770"},{"taxonomy":"post_tag","embeddable":true,"href":"https:\/\/revistapesquisa.fapesp.br\/en\/wp-json\/wp\/v2\/tags?post=462770"},{"taxonomy":"author","embeddable":true,"href":"https:\/\/revistapesquisa.fapesp.br\/en\/wp-json\/wp\/v2\/coauthors?post=462770"}],"curies":[{"name":"wp","href":"https:\/\/api.w.org\/{rel}","templated":true}]}}