{"id":487260,"date":"2023-08-15T16:39:23","date_gmt":"2023-08-15T19:39:23","guid":{"rendered":"https:\/\/revistapesquisa.fapesp.br\/?p=487260"},"modified":"2023-08-15T16:39:23","modified_gmt":"2023-08-15T19:39:23","slug":"correspondence-of-abolitionist-andre-reboucas-made-public","status":"publish","type":"post","link":"https:\/\/revistapesquisa.fapesp.br\/en\/correspondence-of-abolitionist-andre-reboucas-made-public\/","title":{"rendered":"Correspondence of abolitionist Andr\u00e9 Rebou\u00e7as made public"},"content":{"rendered":"<p>&#8220;Final idylls: finding a beautiful palm tree in Africa and enjoying the eternal sleep in its shade,&#8221; wrote Andr\u00e9 Rebou\u00e7as (1838\u20131898) to Alfredo Maria Adriano d\u2019Escragnolle Taunay (1843\u20131899), the Viscount of Taunay, on February 22, 1892. The engineer and abolitionist had not yet taken the cargo liner Malange, which would take him from Marseille, in France, to Louren\u00e7o Marques, in Mozambique, but he was already building dramatic expectations for his trip throughout the African continent.<\/p>\n<p>The message is one of the 193 notes Hebe Mattos, from the History Graduate Department and Program at the Federal University of Juiz de Fora (UFJF), compiled in <em>Cartas da \u00c1frica \u2013 Registro de correspond\u00eancia: 1891-1893<\/em> (Letters from Africa \u2013 Records of correspondence: 1891\u20131893). Despite the title, Rebou\u00e7as began working on the book while staying in the French resort of Cannes, where he was alone after an initial period in Lisbon, Portugal, hosted by the imperial family, with whom he would later live in exile after the Proclamation of the Republic in Brazil. Being close to Don Pedro II, he remained faithful to the monarchy after November 15 (date of the proclamation).<\/p>\n<p>In France, disappointed with the course of the newborn republic, while preparing himself to circumnavigate the African continent, he wrote letters to friends, such as Jos\u00e9 Carlos Rodrigues (1844\u20131923), one of the owners of the <em>Jornal do Commercio <\/em>newspaper. In these letters, the first that appear in his book, the two faces of Rebou\u00e7as are brought together, which also alternate in the messages written to another 25 recipients\u2014the engineer, who reveals his ideas on infrastructure, and the intellectual, sharing his opinion on various aspects of politics.<\/p>\n<p>The title, devised by the publishing company Ch\u00e3o, is the beginning of a series of five books compiling the abolitionist\u2019s intimate written notes, and organized by Mattos \u2014 two of them in partnership with Robert Daibert, a fellow student at UFJF.<\/p>\n<p>Mattos&#8217;s first contact with Rebou\u00e7as&#8217;s letters in exile was 15 years earlier. During research for her doctoral thesis at Fluminense Federal University, she had studied black intellectuals &#8220;who somehow reflected on the memory of slavery,&#8221; she mentions. Among these, Ant\u00f4nio Rebou\u00e7as (1798\u20131880), advisor of the Empire, and his son Andr\u00e9. During the research, she took pictures of the letters written by Andr\u00e9 and kept them at the Joaquim Nabuco Foundation, in Pernambuco. In the years that followed, however, the philosopher did not get much coverage in the media, except for a few articles. But that was only until the publisher proposed to disclose the letters. &#8220;My goal shifted into sharing Andr\u00e9&#8217;s work with a larger audience.&#8221;<\/p>\n<p>According to Ligia Fonseca Ferreira from the School of Philosophy, Languages and Literature, and Humanities of the Federal University of S\u00e3o Paulo (EFLCH-UNIFESP), Guarulhos campus, this type of work has not yet been developed much by Brazilian scholars. Hence the importance of granting access to Rebou\u00e7as&#8217;s full text \u2014 earlier, the major source of his personal writings was a compendium from 1938. Ferreira talks about his own experience with Luiz Gama&#8217;s works (1830\u20131882) \u2014 an abolitionism pioneer whose writings were published in <em>Com a palavra, Luiz Gama<\/em> (With the word, Luiz Gama) (Imprensa Oficial do Estado de S\u00e3o Paulo, 2011) and in <em>Li\u00e7\u00f5es de resist\u00eancia<\/em> (Lessons in resistance) (Edi\u00e7\u00f5es Sesc, 2020).<\/p>\n<p>While Gama, a former slave, was always aware of his Africanness, Ferreira believes the period addressed by Mattos is when Rebou\u00e7as realized his condition as a Black person. In fact, Mattos mentions in the introduction that, in the opening letter of the book, Rebou\u00e7as refers to himself for the first time as &#8220;the Black man Andr\u00e9.&#8221;<\/p>\n<div id=\"attachment_487261\" style=\"max-width: 1150px\" class=\"wp-caption alignright\"><img loading=\"lazy\" decoding=\"async\" class=\"wp-image-487261 size-full\" src=\"https:\/\/revistapesquisa.fapesp.br\/wp-content\/uploads\/2023\/07\/1RPF-cartas-Africa-2023-05-site-01-11140.jpg\" alt=\"\" width=\"1140\" height=\"697\" srcset=\"https:\/\/revistapesquisa.fapesp.br\/wp-content\/uploads\/2023\/07\/1RPF-cartas-Africa-2023-05-site-01-11140.jpg 1140w, https:\/\/revistapesquisa.fapesp.br\/wp-content\/uploads\/2023\/07\/1RPF-cartas-Africa-2023-05-site-01-11140-250x153.jpg 250w, https:\/\/revistapesquisa.fapesp.br\/wp-content\/uploads\/2023\/07\/1RPF-cartas-Africa-2023-05-site-01-11140-700x428.jpg 700w, https:\/\/revistapesquisa.fapesp.br\/wp-content\/uploads\/2023\/07\/1RPF-cartas-Africa-2023-05-site-01-11140-120x73.jpg 120w\" sizes=\"auto, (max-width: 1140px) 100vw, 1140px\" \/><p class=\"wp-caption-text\"><span class=\"media-credits-inline\">Archives of the Joaquim Nabuco\u2009Foundation \/\u2009Brazilian Ministry of Education<\/span>A letter written by Rebou\u00e7as to his friend Rangel da Costa<span class=\"media-credits\">Archives of the Joaquim Nabuco\u2009Foundation \/\u2009Brazilian Ministry of Education<\/span><\/p><\/div>\n<p>In Mattos&#8217;s doctoral thesis, the suppression of the intellectual experience of free Black persons during the nineteenth century was a core theme. In her opinion, it is a &#8220;basic point for the way racism was institutionalized as not racism.&#8221; &#8220;Color is mentioned when one speaks about a slave, a suspect. Trafficking involves Black people. Whenever someone mentions a Black person, a &#8220;negro&#8221; or a &#8220;creole,&#8221; they have a slave in mind.&#8221; Intellectuals, however, had no color, although, as explained by the author, during the nineteenth century, over 70% of the population were Blacks or browns. Even researchers ignored the racial details when talking about men who today have major streets named after them, such as Andr\u00e9 Rebou\u00e7as, or another engineer, Teodoro Sampaio (1855\u20131937).<\/p>\n<p>This whitening, mentions the author, was reinforced by the black and white photographs that lighten the skin of many of these people \u2014 but not that of Rebou\u00e7as himself, whose skin tone cannot be concealed in portraits. According to Mattos, the sharpness of his color enhances the myth of racial democracy. When speaking of Rebou\u00e7as as an important Black man, one of the most noteworthy aspects, she confirms, was his friendship with the emperor, as if his path as an engineer and entrepreneur tailoring commercial relationships with other men of his industry in several countries, &#8220;were a result of a grant&#8221; by the monarchy.<\/p>\n<p>Angela Alonso, from the Department of Sociology of the School of Philosophy, Languages and Literature, and Humanities at the University of S\u00e3o Paulo (FFLCH-USP) and member of the adjunct panel of the FAPESP Scientific Board, also highlights the &#8220;nullity of the racial issue&#8221; and how much Rebou\u00e7as was used for that purpose, largely the &#8220;spurious association&#8221; between himself and the monarchy. Pursuant to that connection, &#8220;Rebou\u00e7as has not been praised as a Black hero,&#8221; she shares.<\/p>\n<p>For the author of <em>Flores, votos e balas<\/em> (Flowers, votes, and bullets) (Companhia das Letras, 2015), in which abolitionism is addressed as a social movement, among the merits of this work by Mattos is that of recovering the core figure for reasons beyond the abolitionist campaign, &#8220;its most important facilitator,&#8221; but also &#8220;for many essential issues for Brazil,&#8221; a contemporary action he undertook with his brother, Ant\u00f4nio (1839\u20131874), also an engineer. Alonso highlights the gaps that have still not been filled in the studies about Andr\u00e9 Rebou\u00e7as, such as him having been such a successful entrepreneur.<\/p>\n<p>Mattos states that the Ch\u00e3o series may help to fill this gap. After <em>Cartas da \u00c1frica<\/em>, the next works expected to be published are: <em>O engenheiro abolicionista: <\/em><em>Di\u00e1rio, 1882-1885<\/em> (The abolitionist engineer: Diary, 1882\u20131885); <em>A aboli\u00e7\u00e3o incompleta: <\/em><em>Di\u00e1rio, 1882-1885<\/em> (The incomplete abolition: Diary, 1887\u20131888); <em>O amigo do<\/em><\/p>\n<p><em>imperador: Registro de correspond\u00eancia, 1889-1891<\/em> (The emperor\u2019s friend: Correspondence records, 1889\u20131891); and <em>Cartas de Funchal: Registro de correspond\u00eancia, 1893-1898<\/em> (Funchal\u2019s letters: Correspondence records, 1893\u20131898).<\/p>\n<p>The publication of Rebou\u00e7as&#8217;s writings reveals new themes, such as the author&#8217;s &#8220;Tolstoism,&#8221; discussed in Mattos&#8217;s afterword in that issue. The readings of Lev Tolstoi (1863\u20131947), she explains, are an &#8220;important inflection of Rebou\u00e7as\u2019s liberalism,&#8221; and shaped his social thinking. Advocating for a &#8220;rural democracy,&#8221; Rebou\u00e7as &#8220;remarks on the large financial capital from a rather moral perspective,&#8221; similar to that of the Russian author.<\/p>\n<p>The stoic fondness of his convictions, Alonso reminds us, is what prevents Rebou\u00e7as from accepting the bridges his friends tried to build for him to return to Brazil, which never happened. He died in 1898, not under a palm tree as he had dreamt, but at the toe of a cliff by the ocean, at Funchal, on Madeira Island, where he had lived since 1893.<\/p>\n<p>On the left, a letter written by Rebou\u00e7as to his friend Rangel da Costa. On the next page, a canvas painting by Rodolfo Bernardelli, from 1897, based on a portrait of the abolitionist&#8217;s upper body, from 1885<\/p>\n","protected":false},"excerpt":{"rendered":"Letters from Africa marks the first of a five-book series of his intimate writings","protected":false},"author":727,"featured_media":487265,"comment_status":"closed","ping_status":"closed","sticky":false,"template":"","format":"standard","meta":{"_acf_changed":false,"_exactmetrics_skip_tracking":false,"_exactmetrics_sitenote_active":false,"_exactmetrics_sitenote_note":"","_exactmetrics_sitenote_category":0,"footnotes":""},"categories":[165],"tags":[241,245],"coauthors":[4328],"class_list":["post-487260","post","type-post","status-publish","format-standard","has-post-thumbnail","hentry","category-humanities","tag-history","tag-literature"],"acf":[],"_links":{"self":[{"href":"https:\/\/revistapesquisa.fapesp.br\/en\/wp-json\/wp\/v2\/posts\/487260","targetHints":{"allow":["GET"]}}],"collection":[{"href":"https:\/\/revistapesquisa.fapesp.br\/en\/wp-json\/wp\/v2\/posts"}],"about":[{"href":"https:\/\/revistapesquisa.fapesp.br\/en\/wp-json\/wp\/v2\/types\/post"}],"author":[{"embeddable":true,"href":"https:\/\/revistapesquisa.fapesp.br\/en\/wp-json\/wp\/v2\/users\/727"}],"replies":[{"embeddable":true,"href":"https:\/\/revistapesquisa.fapesp.br\/en\/wp-json\/wp\/v2\/comments?post=487260"}],"version-history":[{"count":1,"href":"https:\/\/revistapesquisa.fapesp.br\/en\/wp-json\/wp\/v2\/posts\/487260\/revisions"}],"predecessor-version":[{"id":487269,"href":"https:\/\/revistapesquisa.fapesp.br\/en\/wp-json\/wp\/v2\/posts\/487260\/revisions\/487269"}],"wp:featuredmedia":[{"embeddable":true,"href":"https:\/\/revistapesquisa.fapesp.br\/en\/wp-json\/wp\/v2\/media\/487265"}],"wp:attachment":[{"href":"https:\/\/revistapesquisa.fapesp.br\/en\/wp-json\/wp\/v2\/media?parent=487260"}],"wp:term":[{"taxonomy":"category","embeddable":true,"href":"https:\/\/revistapesquisa.fapesp.br\/en\/wp-json\/wp\/v2\/categories?post=487260"},{"taxonomy":"post_tag","embeddable":true,"href":"https:\/\/revistapesquisa.fapesp.br\/en\/wp-json\/wp\/v2\/tags?post=487260"},{"taxonomy":"author","embeddable":true,"href":"https:\/\/revistapesquisa.fapesp.br\/en\/wp-json\/wp\/v2\/coauthors?post=487260"}],"curies":[{"name":"wp","href":"https:\/\/api.w.org\/{rel}","templated":true}]}}