{"id":514383,"date":"2024-07-10T17:01:07","date_gmt":"2024-07-10T20:01:07","guid":{"rendered":"https:\/\/revistapesquisa.fapesp.br\/?p=514383"},"modified":"2024-07-10T17:01:07","modified_gmt":"2024-07-10T20:01:07","slug":"an-interpreter-of-africa","status":"publish","type":"post","link":"https:\/\/revistapesquisa.fapesp.br\/en\/an-interpreter-of-africa\/","title":{"rendered":"An interpreter of Africa"},"content":{"rendered":"<div id=\"attachment_514930\" style=\"max-width: 810px\" class=\"wp-caption alignright\"><img loading=\"lazy\" decoding=\"async\" class=\"wp-image-514930 size-full\" src=\"https:\/\/revistapesquisa.fapesp.br\/wp-content\/uploads\/2024\/05\/RPF-Alberto-da-Costa-e-Silva-2023-12-site-800-PB.jpg\" alt=\"\" width=\"800\" height=\"1140\" srcset=\"https:\/\/revistapesquisa.fapesp.br\/wp-content\/uploads\/2024\/05\/RPF-Alberto-da-Costa-e-Silva-2023-12-site-800-PB.jpg 800w, https:\/\/revistapesquisa.fapesp.br\/wp-content\/uploads\/2024\/05\/RPF-Alberto-da-Costa-e-Silva-2023-12-site-800-PB-250x356.jpg 250w, https:\/\/revistapesquisa.fapesp.br\/wp-content\/uploads\/2024\/05\/RPF-Alberto-da-Costa-e-Silva-2023-12-site-800-PB-700x998.jpg 700w, https:\/\/revistapesquisa.fapesp.br\/wp-content\/uploads\/2024\/05\/RPF-Alberto-da-Costa-e-Silva-2023-12-site-800-PB-120x171.jpg 120w\" sizes=\"auto, (max-width: 800px) 100vw, 800px\" \/><p class=\"wp-caption-text\"><span class=\"media-credits-inline\">Bel Pedrosa \/ Companhia das Letras<\/span>Alberto da Costa e Silva in 2005: despite not having pursued an academic career, he became an indispensable authority among researchers<span class=\"media-credits\">Bel Pedrosa \/ Companhia das Letras<\/span><\/p><\/div>\n<p>Diplomat and historian Alberto da Costa e Silva was someone who \u201cturned his distraction into a craft,\u201d in the words of historian Mariza de Carvalho Soares, of the Federal University of S\u00e3o Paulo (UNIFESP). In parallel to his career at the Brazilian Ministry of Foreign Affairs (Itamaraty), which began in 1957 and included posts at the Brazilian embassy in Nigeria (1979\u20131983) and, cumulatively, in Benin (1981\u20131983), in addition to Portugal (1986\u20131990), Colombia (1990\u20131993), and Paraguay (1993\u20131995), Costa e Silva maintained an unwavering interest in Africa&#8217;s history, which resulted in nine books on the subject. Despite not having pursued an academic career, he became an indispensable authority among historians and other researchers.<\/p>\n<p>Costa e Silva, who died in Rio de Janeiro on November 26, at the age of 92, is recognized for his pioneering dedication to the African continent. \u201cThe West turned a blind eye to Africa, as did Brazil. We attached much more importance to our mythical, Greco-Roman history. Alberto da Costa e Silva, on the other hand, was a scholar of the various Africans who docked in Brazil,\u201d summarizes anthropologist and historian Lilia Mortiz Schwarcz, of the Faculty of Philosophy, Languages and Literature, and Human Sciences at the University of S\u00e3o Paulo (FFLCH-USP). \u201cHe not only studied the slave trade, but also the continent before commercial slavery,\u201d continues Schwarcz, one of the editors of the book <em>Tr\u00eas vezes Brasil:<\/em><em> Alberto da Costa e Silva, Evaldo Cabral de Mello, Jos\u00e9 Murilo de Carvalho<\/em> (Three times Brazil: Alberto da Costa e Silva, Evaldo Cabral de Mello, Jos\u00e9 Murilo de Carvalho; Bazar do Tempo, 2019).<\/p>\n<p>Historian Luiz Felipe de Alencastro, of the Getulio Vargas Foundation\u2019s S\u00e3o Paulo School of Economics (EESP-FGV), highlights that before 2003, with the enactment of Law no. 10.639, which required that African history be taught in high school, Brazilian universities paid little attention to the subject. \u201cHe was genuinely interested in the continent. For a long time, he was the sole spokesperson in the country,\u201d states Alencastro.<\/p>\n<p>One of his most well-known works is <em>A enxada e a lan\u00e7a:<\/em><em> A \u00c1frica antes dos portugueses<\/em> (The hoe and the spear: Africa before the Portuguese; Nova Fronteira, 1992), which covers the entire period from prehistory to the 15<sup>th<\/sup> century. The book was intended to be the first volume in a trilogy, whose second volume, <em>A manilha e o libambo<\/em> (The shackle and the yoke; Nova Fronteira, 2002) covers the 16<sup>th<\/sup> to 18<sup>th<\/sup> centuries. For this work, he received the Jabuti and S\u00e9rgio Buarque de Holanda prizes, attributed by the National Library. The third volume, which would have focused on the nineteenth and twentieth centuries, when Africa was divided between colonial powers and then went through wars of independence, was never published.<\/p>\n<p>If Brazilian historiography of the first half of the century left the close ties between Africa and Brazil in the shadows until the nineteenth century, Costa e Silva was one of the first to reinforce the importance of the connection between cities like Rio de Janeiro, Salvador, and Luanda. The expression used in the title of one of his books sums up the intensity of this interaction: <em>Um rio chamado Atl\u00e2ntico: A \u00c1frica no Brasil e o Brasil na \u00c1frica<\/em> (A river called the Atlantic: Africa in Brazil and Brazil in Africa; Nova Fronteira, 2003). \u201cToday, the concept presented in his work is well established. This references the circularity that took place across the Atlantic, involving techniques, knowledge, philosophies, cuisines, and languages. Alberto brings a pioneering vision and tremendous influence to this discussion,\u201d says Schwarcz.<\/p>\n<p>Born in S\u00e3o Paulo, Alberto Vasconcellos da Costa e Silva grew up in Fortaleza (Cear\u00e1), where he moved with his family when he was 2 years old. As a poet, he published nine books, two of which received the Jabuti prize: <em>Ao lado de Vera<\/em> (Alongside Vera; Nova Fronteira, 1997) and <em>Poemas reunidos<\/em> (A collection of poems; Nova Fronteira, 2000). He was appointed to the Brazilian Academy of Letters (ABL) in 2000, occupying chair no. 9, and was president of the institution in 2002 and 2003. The historian and diplomat was a widower and left behind three children, seven grandchildren, and a great-granddaughter.<\/p>\n","protected":false},"excerpt":{"rendered":"Diplomat, historian, and poet, Alberto da Costa e Silva produced influential work on the continent","protected":false},"author":613,"featured_media":0,"comment_status":"closed","ping_status":"closed","sticky":false,"template":"","format":"standard","meta":{"_acf_changed":false,"_exactmetrics_skip_tracking":false,"_exactmetrics_sitenote_active":false,"_exactmetrics_sitenote_note":"","_exactmetrics_sitenote_category":0,"footnotes":""},"categories":[1348],"tags":[241],"coauthors":[1619],"class_list":["post-514383","post","type-post","status-publish","format-standard","hentry","category-obituary","tag-history"],"acf":[],"_links":{"self":[{"href":"https:\/\/revistapesquisa.fapesp.br\/en\/wp-json\/wp\/v2\/posts\/514383","targetHints":{"allow":["GET"]}}],"collection":[{"href":"https:\/\/revistapesquisa.fapesp.br\/en\/wp-json\/wp\/v2\/posts"}],"about":[{"href":"https:\/\/revistapesquisa.fapesp.br\/en\/wp-json\/wp\/v2\/types\/post"}],"author":[{"embeddable":true,"href":"https:\/\/revistapesquisa.fapesp.br\/en\/wp-json\/wp\/v2\/users\/613"}],"replies":[{"embeddable":true,"href":"https:\/\/revistapesquisa.fapesp.br\/en\/wp-json\/wp\/v2\/comments?post=514383"}],"version-history":[{"count":3,"href":"https:\/\/revistapesquisa.fapesp.br\/en\/wp-json\/wp\/v2\/posts\/514383\/revisions"}],"predecessor-version":[{"id":514935,"href":"https:\/\/revistapesquisa.fapesp.br\/en\/wp-json\/wp\/v2\/posts\/514383\/revisions\/514935"}],"wp:attachment":[{"href":"https:\/\/revistapesquisa.fapesp.br\/en\/wp-json\/wp\/v2\/media?parent=514383"}],"wp:term":[{"taxonomy":"category","embeddable":true,"href":"https:\/\/revistapesquisa.fapesp.br\/en\/wp-json\/wp\/v2\/categories?post=514383"},{"taxonomy":"post_tag","embeddable":true,"href":"https:\/\/revistapesquisa.fapesp.br\/en\/wp-json\/wp\/v2\/tags?post=514383"},{"taxonomy":"author","embeddable":true,"href":"https:\/\/revistapesquisa.fapesp.br\/en\/wp-json\/wp\/v2\/coauthors?post=514383"}],"curies":[{"name":"wp","href":"https:\/\/api.w.org\/{rel}","templated":true}]}}