{"id":514387,"date":"2024-07-10T17:13:34","date_gmt":"2024-07-10T20:13:34","guid":{"rendered":"https:\/\/revistapesquisa.fapesp.br\/?p=514387"},"modified":"2024-07-10T17:13:34","modified_gmt":"2024-07-10T20:13:34","slug":"the-philosophical-side-of-words","status":"publish","type":"post","link":"https:\/\/revistapesquisa.fapesp.br\/en\/the-philosophical-side-of-words\/","title":{"rendered":"The philosophical side of words"},"content":{"rendered":"<div id=\"attachment_514958\" style=\"max-width: 810px\" class=\"wp-caption alignright vertical\"><img loading=\"lazy\" decoding=\"async\" class=\"wp-image-514958 size-full\" src=\"https:\/\/revistapesquisa.fapesp.br\/wp-content\/uploads\/2024\/05\/RPF-Rubens-2024-01-site-800-opcao1-1.jpg\" alt=\"\" width=\"800\" height=\"642\" srcset=\"https:\/\/revistapesquisa.fapesp.br\/wp-content\/uploads\/2024\/05\/RPF-Rubens-2024-01-site-800-opcao1-1.jpg 800w, https:\/\/revistapesquisa.fapesp.br\/wp-content\/uploads\/2024\/05\/RPF-Rubens-2024-01-site-800-opcao1-1-250x201.jpg 250w, https:\/\/revistapesquisa.fapesp.br\/wp-content\/uploads\/2024\/05\/RPF-Rubens-2024-01-site-800-opcao1-1-700x562.jpg 700w, https:\/\/revistapesquisa.fapesp.br\/wp-content\/uploads\/2024\/05\/RPF-Rubens-2024-01-site-800-opcao1-1-120x96.jpg 120w\" sizes=\"auto, (max-width: 800px) 100vw, 800px\" \/><p class=\"wp-caption-text\"><span class=\"media-credits-inline\">Rog\u00e9rio Assis\u2009\/\u2009Folhapress<\/span>The philosopher in 1997: academic rigor tempered by a poetic vocation<span class=\"media-credits\">Rog\u00e9rio Assis\u2009\/\u2009Folhapress<\/span><\/p><\/div>\n<p>An understanding of how ideas are formed and the conceptual conditions that give rise to philosophical interpretations of the world was at the heart of the reflections expressed by philosopher Rubens Rodrigues Torres Filho, a professor at the School of Philosophy, Languages and Literature, and Human Sciences at the University of S\u00e3o Paulo (FFLCH-USP) for nearly 30 years. As a translator of German philosophers, he was responsible for bringing scientific rigor to the study of German authors in the Brazilian academic universe. Born in Botucatu (S\u00e3o Paulo), Torres Filho died at 81 years old, on December 13, in S\u00e3o Paulo, leaving behind two daughters and one son.<\/p>\n<p>The bridge to German philosophy is one of Torres Filho&#8217;s main intellectual legacies, according to philosopher Pedro Paulo Pimenta, also from FFLCH-USP. \u201cAnother key aspect of his career was seeking to understand how philosophers abstract ideas by reflecting on concepts,\u201d he adds. According to Pimenta, Torres Filho&#8217;s work was important because it used the history of philosophy to explore the act of philosophizing.<\/p>\n<p>With a degree in philosophy from USP, which he earned in 1962, Torres Filho became a USP professor three years later, teaching a course on the history of modern and classical German philosophy. Also at USP, in 1972, he defended his doctoral dissertation on Johann Gottlieb Fichte (1762\u20131814), considered one of the main figures in German idealism. One of the central ideas of this philosophical current is that the object of knowledge is constructed through cognitive activity. The thesis, titled <em>O esp\u00edrito e a letra. A cr\u00edtica da imagina\u00e7\u00e3o pura em Fichte<\/em> (The spirit and the letter: A critique of the pure imagination in Fichte), was published in 1975 by \u00c1tica and is considered a benchmark for interpreting the German thinker in Brazil.<\/p>\n<p>\u201cIn his doctoral dissertation, Torres Filho showed how Fichte approaches philosophy by engaging with the history of this area of knowledge. The way he interpreted the author&#8217;s thinking is quite original, proposing a dialectic between letter and spirit that was only revisited in Brazil years later, in the last book by philosopher Jos\u00e9 Arthur Giannotti [1930\u20132021],\u201d states Vinicius Berlendis de Figueiredo, a professor in the Philosophy Department at the Federal University of Paran\u00e1 (UFPR).<\/p>\n<p>\u201cThrough his writing and his classes, Rubens taught my generation, and we are striving to teach the next, how conceptual rigor is enhanced by fine irony and virtuoso care with words,\u201d observes philosopher Luiz Henrique Lopes dos Santos, of USP.<\/p>\n<p>In the book <em>Ensaios de filosofia ilustrada<\/em> (Illustrated philosophy essays; Iluminuras, 2004), Torres Filho compiles some of his essays, including the text \u201cDogmatismo e antidogmatismo \u2013 Kant na sala de aula\u201d (Dogmatism and anti-dogmatism \u2013 Kant in the classroom). With a deep philological knowledge of Portuguese, German, and French, he translated, for example, classical philosophy texts for the collection <em>Os pensadores<\/em> (The thinkers; Abril\/Nova Cultural), published from 1968 to 1982. \u201cHe mastered the craft of words, both in foreign languages and in Portuguese. His academic rigor was tempered by a poetic vocation that gave his philosophical texts a freshness that was characteristic of Brazilian literature,\u201d explains Figueiredo.<\/p>\n<p>Retired in 1994 at the age of 52, he also wrote books of poetry, an artistic expression he considered as important as philosophy. All of the author&#8217;s work is compiled in <em>Novolume<\/em> (Iluminuras, 1997). The philosopher stopped translating, as well as writing poetry, essays, and academic texts, in the late 1990s, after suffering a stroke.<\/p>\n","protected":false},"excerpt":{"rendered":"With a deep knowledge of languages, philosopher Rubens Rodrigues Torres Filho has translated work by German authors into Portuguese","protected":false},"author":601,"featured_media":0,"comment_status":"closed","ping_status":"closed","sticky":false,"template":"","format":"standard","meta":{"_acf_changed":false,"_exactmetrics_skip_tracking":false,"_exactmetrics_sitenote_active":false,"_exactmetrics_sitenote_note":"","_exactmetrics_sitenote_category":0,"footnotes":""},"categories":[1348],"tags":[233],"coauthors":[1600],"class_list":["post-514387","post","type-post","status-publish","format-standard","hentry","category-obituary","tag-philosophy"],"acf":[],"_links":{"self":[{"href":"https:\/\/revistapesquisa.fapesp.br\/en\/wp-json\/wp\/v2\/posts\/514387","targetHints":{"allow":["GET"]}}],"collection":[{"href":"https:\/\/revistapesquisa.fapesp.br\/en\/wp-json\/wp\/v2\/posts"}],"about":[{"href":"https:\/\/revistapesquisa.fapesp.br\/en\/wp-json\/wp\/v2\/types\/post"}],"author":[{"embeddable":true,"href":"https:\/\/revistapesquisa.fapesp.br\/en\/wp-json\/wp\/v2\/users\/601"}],"replies":[{"embeddable":true,"href":"https:\/\/revistapesquisa.fapesp.br\/en\/wp-json\/wp\/v2\/comments?post=514387"}],"version-history":[{"count":3,"href":"https:\/\/revistapesquisa.fapesp.br\/en\/wp-json\/wp\/v2\/posts\/514387\/revisions"}],"predecessor-version":[{"id":514963,"href":"https:\/\/revistapesquisa.fapesp.br\/en\/wp-json\/wp\/v2\/posts\/514387\/revisions\/514963"}],"wp:attachment":[{"href":"https:\/\/revistapesquisa.fapesp.br\/en\/wp-json\/wp\/v2\/media?parent=514387"}],"wp:term":[{"taxonomy":"category","embeddable":true,"href":"https:\/\/revistapesquisa.fapesp.br\/en\/wp-json\/wp\/v2\/categories?post=514387"},{"taxonomy":"post_tag","embeddable":true,"href":"https:\/\/revistapesquisa.fapesp.br\/en\/wp-json\/wp\/v2\/tags?post=514387"},{"taxonomy":"author","embeddable":true,"href":"https:\/\/revistapesquisa.fapesp.br\/en\/wp-json\/wp\/v2\/coauthors?post=514387"}],"curies":[{"name":"wp","href":"https:\/\/api.w.org\/{rel}","templated":true}]}}