{"id":515136,"date":"2024-07-17T11:21:37","date_gmt":"2024-07-17T14:21:37","guid":{"rendered":"https:\/\/revistapesquisa.fapesp.br\/?p=515136"},"modified":"2024-07-17T11:26:43","modified_gmt":"2024-07-17T14:26:43","slug":"darwin-wasps-in-the-mountains-of-rio","status":"publish","type":"post","link":"https:\/\/revistapesquisa.fapesp.br\/en\/darwin-wasps-in-the-mountains-of-rio\/","title":{"rendered":"Darwin wasps in the mountains of Rio"},"content":{"rendered":"<div id=\"attachment_515137\" style=\"max-width: 1150px\" class=\"wp-caption alignright vertical\"><img loading=\"lazy\" decoding=\"async\" class=\"wp-image-515137 size-full\" src=\"https:\/\/revistapesquisa.fapesp.br\/wp-content\/uploads\/2024\/05\/RPF-notas-serra-dos-orgaos-2024-02-1140.jpg\" alt=\"\" width=\"1140\" height=\"649\" srcset=\"https:\/\/revistapesquisa.fapesp.br\/wp-content\/uploads\/2024\/05\/RPF-notas-serra-dos-orgaos-2024-02-1140.jpg 1140w, https:\/\/revistapesquisa.fapesp.br\/wp-content\/uploads\/2024\/05\/RPF-notas-serra-dos-orgaos-2024-02-1140-250x142.jpg 250w, https:\/\/revistapesquisa.fapesp.br\/wp-content\/uploads\/2024\/05\/RPF-notas-serra-dos-orgaos-2024-02-1140-700x399.jpg 700w, https:\/\/revistapesquisa.fapesp.br\/wp-content\/uploads\/2024\/05\/RPF-notas-serra-dos-orgaos-2024-02-1140-290x166.jpg 290w, https:\/\/revistapesquisa.fapesp.br\/wp-content\/uploads\/2024\/05\/RPF-notas-serra-dos-orgaos-2024-02-1140-120x68.jpg 120w\" sizes=\"auto, (max-width: 1140px) 100vw, 1140px\" \/><p class=\"wp-caption-text\"><span class=\"media-credits-inline\">Carlos Perez Couto\u2009\/\u2009Wikimedia Commons <\/span>Serra dos \u00d3rg\u00e3os National Park, Rio de Janeiro<span class=\"media-credits\">Carlos Perez Couto\u2009\/\u2009Wikimedia Commons <\/span><\/p><\/div>\n<p>Darwin wasps are named after English naturalist Charles Darwin (1809\u20131882), who wrote to a botanist friend expressing his indignation at the idea that the \u201cbenevolent and omnipotent God\u201d in which he still believed could have created parasitic insects whose larvae fed on the bodies of living caterpillars. It was previously thought that they could only live in mild climates. However, researchers from the Federal University of Rio de Janeiro (UFRJ) and the Brazilian National Institute of Amazonian Research (INPA) who captured 1,560 wasps at altitudes of 110 to 2,169 meters (m) in an area of the Serra dos \u00d3rg\u00e3os National Park, Rio de Janeiro, identified 24 species of the subfamily Pimplinae that have not yet been described. In the mountains of Rio, species diversity was greater at lower altitudes, declining as altitude increased. In 2020, biologists from the Federal University of S\u00e3o Carlos (UFSCar) found 91 species of Pimplinae in the Serra do Japi Biological Reserve in Jundia\u00ed, in the interior of S\u00e3o Paulo State. In 2017, an expedition to the Peruvian Amazon discovered another 105. It is estimated that around 60,000 species are part of the Ichneumonidae family, of which 24,000 have been described (<em>Insects<\/em>, November 2023; <em>Brazilian Journal of Biology<\/em>, April 2020; <em>Insect Conservation and Diversity<\/em>, December 2017).<\/p>\n<div id=\"attachment_515141\" style=\"max-width: 1150px\" class=\"wp-caption alignnone\"><img loading=\"lazy\" decoding=\"async\" class=\"wp-image-515141 size-full\" src=\"https:\/\/revistapesquisa.fapesp.br\/wp-content\/uploads\/2024\/05\/RPF-notas-serra-dos-orgaos-2024-02-1140b.jpg\" alt=\"\" width=\"1140\" height=\"282\" srcset=\"https:\/\/revistapesquisa.fapesp.br\/wp-content\/uploads\/2024\/05\/RPF-notas-serra-dos-orgaos-2024-02-1140b.jpg 1140w, https:\/\/revistapesquisa.fapesp.br\/wp-content\/uploads\/2024\/05\/RPF-notas-serra-dos-orgaos-2024-02-1140b-250x62.jpg 250w, https:\/\/revistapesquisa.fapesp.br\/wp-content\/uploads\/2024\/05\/RPF-notas-serra-dos-orgaos-2024-02-1140b-700x173.jpg 700w, https:\/\/revistapesquisa.fapesp.br\/wp-content\/uploads\/2024\/05\/RPF-notas-serra-dos-orgaos-2024-02-1140b-120x30.jpg 120w\" sizes=\"auto, (max-width: 1140px) 100vw, 1140px\" \/><p class=\"wp-caption-text\"><span class=\"media-credits-inline\">FLINTE, V. <em>et al<\/em>. <strong>Insects<\/strong>. 2023 <\/span>Female wasps collected in Serra dos \u00d3rg\u00e3os: from left to right, <em>Pimpla caerulea, <\/em><em>Neotheronia sp<\/em>., and <em>Dolichomitus megalourus<\/em><span class=\"media-credits\">FLINTE, V. <em>et al<\/em>. <strong>Insects<\/strong>. 2023 <\/span><\/p><\/div>\n","protected":false},"excerpt":{"rendered":"Darwin wasps found in the mountains of Rio de Janeiro","protected":false},"author":475,"featured_media":0,"comment_status":"closed","ping_status":"closed","sticky":false,"template":"","format":"standard","meta":{"_acf_changed":false,"_exactmetrics_skip_tracking":false,"_exactmetrics_sitenote_active":false,"_exactmetrics_sitenote_note":"","_exactmetrics_sitenote_category":0,"footnotes":""},"categories":[1651],"tags":[206],"coauthors":[785],"class_list":["post-515136","post","type-post","status-publish","format-standard","hentry","category-notes","tag-biodiversity"],"acf":[],"_links":{"self":[{"href":"https:\/\/revistapesquisa.fapesp.br\/en\/wp-json\/wp\/v2\/posts\/515136","targetHints":{"allow":["GET"]}}],"collection":[{"href":"https:\/\/revistapesquisa.fapesp.br\/en\/wp-json\/wp\/v2\/posts"}],"about":[{"href":"https:\/\/revistapesquisa.fapesp.br\/en\/wp-json\/wp\/v2\/types\/post"}],"author":[{"embeddable":true,"href":"https:\/\/revistapesquisa.fapesp.br\/en\/wp-json\/wp\/v2\/users\/475"}],"replies":[{"embeddable":true,"href":"https:\/\/revistapesquisa.fapesp.br\/en\/wp-json\/wp\/v2\/comments?post=515136"}],"version-history":[{"count":2,"href":"https:\/\/revistapesquisa.fapesp.br\/en\/wp-json\/wp\/v2\/posts\/515136\/revisions"}],"predecessor-version":[{"id":525695,"href":"https:\/\/revistapesquisa.fapesp.br\/en\/wp-json\/wp\/v2\/posts\/515136\/revisions\/525695"}],"wp:attachment":[{"href":"https:\/\/revistapesquisa.fapesp.br\/en\/wp-json\/wp\/v2\/media?parent=515136"}],"wp:term":[{"taxonomy":"category","embeddable":true,"href":"https:\/\/revistapesquisa.fapesp.br\/en\/wp-json\/wp\/v2\/categories?post=515136"},{"taxonomy":"post_tag","embeddable":true,"href":"https:\/\/revistapesquisa.fapesp.br\/en\/wp-json\/wp\/v2\/tags?post=515136"},{"taxonomy":"author","embeddable":true,"href":"https:\/\/revistapesquisa.fapesp.br\/en\/wp-json\/wp\/v2\/coauthors?post=515136"}],"curies":[{"name":"wp","href":"https:\/\/api.w.org\/{rel}","templated":true}]}}