{"id":567836,"date":"2025-11-18T15:22:31","date_gmt":"2025-11-18T18:22:31","guid":{"rendered":"https:\/\/revistapesquisa.fapesp.br\/?p=567836"},"modified":"2025-11-18T15:22:31","modified_gmt":"2025-11-18T18:22:31","slug":"depression-and-anxiety-among-students","status":"publish","type":"post","link":"https:\/\/revistapesquisa.fapesp.br\/en\/depression-and-anxiety-among-students\/","title":{"rendered":"Depression and anxiety among students"},"content":{"rendered":"<div id=\"attachment_567841\" style=\"max-width: 810px\" class=\"wp-caption alignright vertical\"><img loading=\"lazy\" decoding=\"async\" class=\"wp-image-567841 size-full\" src=\"https:\/\/revistapesquisa.fapesp.br\/wp-content\/uploads\/2025\/11\/RPF-notas-estudante-ansiedade-2025-06-800.jpg\" alt=\"\" width=\"800\" height=\"801\" srcset=\"https:\/\/revistapesquisa.fapesp.br\/wp-content\/uploads\/2025\/11\/RPF-notas-estudante-ansiedade-2025-06-800.jpg 800w, https:\/\/revistapesquisa.fapesp.br\/wp-content\/uploads\/2025\/11\/RPF-notas-estudante-ansiedade-2025-06-800-250x250.jpg 250w, https:\/\/revistapesquisa.fapesp.br\/wp-content\/uploads\/2025\/11\/RPF-notas-estudante-ansiedade-2025-06-800-700x701.jpg 700w, https:\/\/revistapesquisa.fapesp.br\/wp-content\/uploads\/2025\/11\/RPF-notas-estudante-ansiedade-2025-06-800-120x120.jpg 120w\" sizes=\"auto, (max-width: 800px) 100vw, 800px\" \/><p class=\"wp-caption-text\"><span class=\"media-credits-inline\">L\u00e9o Ramos Chaves \/ Pesquisa FAPESP <\/span>One in Four of the 748 interviewees showed signs of serious anxiety or moderate depression<span class=\"media-credits\">L\u00e9o Ramos Chaves \/ Pesquisa FAPESP <\/span><\/p><\/div>\n<p>A survey of 748 students from nine public universities in Brazil recorded a high prevalence of depression (51%) and anxiety (42.5%), according to a study led by the Federal University of Rio de Janeiro (UFRJ). Because the online questionnaires that supported the conclusions were answered during the COVID-19 pandemic between August and November of 2022, the difficulties of adapting to online classes in previous semesters may have accentuated these psychological disorders. The survey was answered by students from public universities in Santa Maria (Rio Grande do Sul), Florian\u00f3polis (Santa Catarina), Rio de Janeiro (Rio de Janeiro), Montes Claros (Minas Gerais), Bras\u00edlia (Federal District), Natal (Rio Grande do Norte), Castanhal (Par\u00e1), S\u00e3o Crist\u00f3v\u00e3o (Sergipe), and Fortaleza (Cear\u00e1). The majority were Black or mixed-race women with a household income of less than two minimum wages. In 2018, the World Health Organization (WHO) found that 35% of a sample of 13,984 university students from eight countries (Australia, Belgium, Germany, Mexico, Northern Ireland, South Africa, Spain, and the USA) showed at least one of the symptoms of depression, anxiety, or panic disorder due to financial problems and the challenges of academic life (<a href=\"https:\/\/www.scielo.br\/j\/rsp\/a\/P8Y9xkTJtQzGxMjpdFm9svr\/abstract\/?lang=en\" target=\"_blank\" rel=\"noopener\"><em>Public Health Journal<\/em><\/a>, February).<\/p>\n","protected":false},"excerpt":{"rendered":"More than half of all students at Brazilian public universities show signs of depression and anxiety","protected":false},"author":475,"featured_media":0,"comment_status":"closed","ping_status":"closed","sticky":false,"template":"","format":"standard","meta":{"_acf_changed":false,"_exactmetrics_skip_tracking":false,"_exactmetrics_sitenote_active":false,"_exactmetrics_sitenote_note":"","_exactmetrics_sitenote_category":0,"footnotes":""},"categories":[1651],"tags":[260],"coauthors":[785],"class_list":["post-567836","post","type-post","status-publish","format-standard","hentry","category-notes","tag-public-health"],"acf":[],"_links":{"self":[{"href":"https:\/\/revistapesquisa.fapesp.br\/en\/wp-json\/wp\/v2\/posts\/567836","targetHints":{"allow":["GET"]}}],"collection":[{"href":"https:\/\/revistapesquisa.fapesp.br\/en\/wp-json\/wp\/v2\/posts"}],"about":[{"href":"https:\/\/revistapesquisa.fapesp.br\/en\/wp-json\/wp\/v2\/types\/post"}],"author":[{"embeddable":true,"href":"https:\/\/revistapesquisa.fapesp.br\/en\/wp-json\/wp\/v2\/users\/475"}],"replies":[{"embeddable":true,"href":"https:\/\/revistapesquisa.fapesp.br\/en\/wp-json\/wp\/v2\/comments?post=567836"}],"version-history":[{"count":2,"href":"https:\/\/revistapesquisa.fapesp.br\/en\/wp-json\/wp\/v2\/posts\/567836\/revisions"}],"predecessor-version":[{"id":568542,"href":"https:\/\/revistapesquisa.fapesp.br\/en\/wp-json\/wp\/v2\/posts\/567836\/revisions\/568542"}],"wp:attachment":[{"href":"https:\/\/revistapesquisa.fapesp.br\/en\/wp-json\/wp\/v2\/media?parent=567836"}],"wp:term":[{"taxonomy":"category","embeddable":true,"href":"https:\/\/revistapesquisa.fapesp.br\/en\/wp-json\/wp\/v2\/categories?post=567836"},{"taxonomy":"post_tag","embeddable":true,"href":"https:\/\/revistapesquisa.fapesp.br\/en\/wp-json\/wp\/v2\/tags?post=567836"},{"taxonomy":"author","embeddable":true,"href":"https:\/\/revistapesquisa.fapesp.br\/en\/wp-json\/wp\/v2\/coauthors?post=567836"}],"curies":[{"name":"wp","href":"https:\/\/api.w.org\/{rel}","templated":true}]}}