{"id":100049,"date":"2004-09-01T00:00:48","date_gmt":"2004-09-01T03:00:48","guid":{"rendered":"http:\/\/revistapesquisa.fapesp.br\/?p=100049"},"modified":"2013-01-23T22:49:06","modified_gmt":"2013-01-24T00:49:06","slug":"modernizaci%c3%b3n-agr%c3%adcola","status":"publish","type":"post","link":"https:\/\/revistapesquisa.fapesp.br\/es\/modernizaci%c3%b3n-agr%c3%adcola\/","title":{"rendered":"Modernizaci\u00f3n agr\u00edcola"},"content":{"rendered":"<p><span style=\"font-size: 13px; line-height: 19px;\">El art\u00edculo \u201cIntensidad y din\u00e1mica de la modernizaci\u00f3n agr\u00edcola en Brasil y en las unidades de la Federaci\u00f3n\u201d, de Paulo Marcelo de Souza, de la Universidad Estadual del Norte Fluminense, y Jo\u00e3o Eust\u00e1quio de Lima, de la Universidad Federal de Vi\u00e7osa, presenta un estudio que caracteriza la evoluci\u00f3n del proceso de modernizaci\u00f3n agr\u00edcola ocurrido en cada estado entre 1970 y 1995. La idea fue aportar evidencias emp\u00edricas del proceso de modernizaci\u00f3n de la agricultura, procurando verificar su magnitud y describir su din\u00e1mica en el transcurso del tiempo. Los resultados del estudio muestran que la intensidad del proceso de modernizaci\u00f3n fue significativamente diferente entre las distintas unidades de la Federaci\u00f3n. \u201cEste proceso sufri\u00f3 una retracci\u00f3n a partir de 1980, con la reducci\u00f3n en los valores asociados al nivel de financiamiento e inversiones en el sector\u201d, revelan los investigadores. Ellos observaron que la modernizaci\u00f3n agr\u00edcola fue m\u00e1s lenta en el grupo formado por Acre, Amap\u00e1, Amazonas, Par\u00e1, Piau\u00ed y Rond\u00f4nia. En el grupo constituido por Bah\u00eda, Cear\u00e1, Maranh\u00e3o, Para\u00edba, Pernambuco, R\u00edo Grande do Norte, Roraima y Sergipe se observa una mayor intensidad de modernizaci\u00f3n que la constatada para los estados del grupo anterior. Pero las tasas observadas en ese caso son inferiores a las que se verifican en los restantes estados. Un tercer grupo (Alagoas, Esp\u00edrito Santo, Goi\u00e1s, Mato Grosso, Minas Gerais y R\u00edo de Janeiro) define las regiones donde el avance de la modernizaci\u00f3n es superior al que se registra en los dos primeros grupos. Por \u00faltimo, el Distrito Federal, Mato Grosso do Sul, Paran\u00e1, R\u00edo Grande do Sul, Santa Catarina y S\u00e3o Paulo pertenecen al grupo que abarca a las unidades de la Federaci\u00f3n donde la modernizaci\u00f3n ha sido m\u00e1s intensa.<\/span><span style=\"font-size: 13px; line-height: 19px;\">\u00a0<\/span><\/p>\n<p><em>Revista Brasileira de Economia<\/em> \u2013 Tomo 57 \u2013 n\u00ba 4 \u2013 R\u00edo de Janeiro \u2013 oct.\/ dic. 2003<\/p>\n<p><a href=\"http:\/\/www.scielo.br\/scielo.php?script=sci_arttext&amp;pid=S0034-71402003000400007&amp;lng=pt&amp;nrm=iso&amp;tlng=pt\" target=\"_blank\">Link<\/a><\/p>\n","protected":false},"excerpt":{"rendered":"Modernizaci\u00f3n agr\u00edcola\r\n","protected":false},"author":6,"featured_media":0,"comment_status":"open","ping_status":"open","sticky":false,"template":"","format":"standard","meta":{"_acf_changed":false,"_exactmetrics_skip_tracking":false,"_exactmetrics_sitenote_active":false,"_exactmetrics_sitenote_note":"","_exactmetrics_sitenote_category":0,"footnotes":""},"categories":[342],"tags":[],"coauthors":[93],"class_list":["post-100049","post","type-post","status-publish","format-standard","hentry","category-scielo-es"],"acf":[],"_links":{"self":[{"href":"https:\/\/revistapesquisa.fapesp.br\/es\/wp-json\/wp\/v2\/posts\/100049","targetHints":{"allow":["GET"]}}],"collection":[{"href":"https:\/\/revistapesquisa.fapesp.br\/es\/wp-json\/wp\/v2\/posts"}],"about":[{"href":"https:\/\/revistapesquisa.fapesp.br\/es\/wp-json\/wp\/v2\/types\/post"}],"author":[{"embeddable":true,"href":"https:\/\/revistapesquisa.fapesp.br\/es\/wp-json\/wp\/v2\/users\/6"}],"replies":[{"embeddable":true,"href":"https:\/\/revistapesquisa.fapesp.br\/es\/wp-json\/wp\/v2\/comments?post=100049"}],"version-history":[{"count":0,"href":"https:\/\/revistapesquisa.fapesp.br\/es\/wp-json\/wp\/v2\/posts\/100049\/revisions"}],"wp:attachment":[{"href":"https:\/\/revistapesquisa.fapesp.br\/es\/wp-json\/wp\/v2\/media?parent=100049"}],"wp:term":[{"taxonomy":"category","embeddable":true,"href":"https:\/\/revistapesquisa.fapesp.br\/es\/wp-json\/wp\/v2\/categories?post=100049"},{"taxonomy":"post_tag","embeddable":true,"href":"https:\/\/revistapesquisa.fapesp.br\/es\/wp-json\/wp\/v2\/tags?post=100049"},{"taxonomy":"author","embeddable":true,"href":"https:\/\/revistapesquisa.fapesp.br\/es\/wp-json\/wp\/v2\/coauthors?post=100049"}],"curies":[{"name":"wp","href":"https:\/\/api.w.org\/{rel}","templated":true}]}}