{"id":100860,"date":"2007-04-01T00:00:43","date_gmt":"2007-04-01T03:00:43","guid":{"rendered":"http:\/\/revistapesquisa.fapesp.br\/?p=100860"},"modified":"2015-03-24T16:34:29","modified_gmt":"2015-03-24T19:34:29","slug":"libros-30","status":"publish","type":"post","link":"https:\/\/revistapesquisa.fapesp.br\/es\/libros-30\/","title":{"rendered":"Libros"},"content":{"rendered":"<p><strong><img loading=\"lazy\" decoding=\"async\" class=\"alignright size-full wp-image-100932\" title=\"\" src=\"http:\/\/revistapesquisa.fapesp.br\/wp-content\/uploads\/2007\/04\/navegar1.jpg\" alt=\"\" width=\"99\" height=\"150\" \/>Navegar en el ciberespacio: el perfil cognitivo del lector pensante<\/strong><br \/>\n<em>Lucia Santaella<\/em><br \/>\n<em>Paulus<\/em><br \/>\n<em>192 p\u00e1ginas, R$ 30,50<\/em><\/p>\n<p>Lucia Santaella aborda cuestiones referentes a los cibernautas, quienes en comparaci\u00f3n con los otros lectores desarrollan habilidades de lectura muy distintas de aquellas empleadas por un lector de textos impresos. Seg\u00fan la autora, \u201cel lector conectado es libre para establecer en soledad el orden textual o para perderse en el desorden de los fragmentos de la hipermedia\u201d.<\/p>\n<p>Paulus (00 5511) 5084-3066<br \/>\n<a href=\"http:\/\/www.paulus.com.br\">www.paulus.com.br<\/a><\/p>\n<p><strong><img loading=\"lazy\" decoding=\"async\" class=\"alignleft size-full wp-image-100931\" title=\"\" src=\"http:\/\/revistapesquisa.fapesp.br\/wp-content\/uploads\/2007\/04\/sagrado11.jpg\" alt=\"\" width=\"95\" height=\"150\" \/>El sagrado salvaje y otros ensayos<\/strong><br \/>\n<em>Roger Bastide<\/em><br \/>\n<em>Companhia das Letras<\/em><br \/>\n<em>278 p\u00e1ginas, R$ 42,00<\/em><\/p>\n<p>Roger Bastide re\u00fane conferencias, ensayos y art\u00edculos de diferentes momentos de su trayectoria como soci\u00f3logo y antrop\u00f3logo, esbozando la idea de un \u201csagrado salvaje\u201d, aqu\u00e9l que escapa al control de las instituciones religiosas y que es posible hallar en las artes, en los sue\u00f1os, en los movimientos revolucionarios y en las mitolog\u00edas modernas, Su apuesta al poder transformador de esa idea permite entrever los contornos de su humanismo.<\/p>\n<p>Companhia das Letras (00 55 11) 3707-3500<br \/>\n<a href=\"http:\/\/www.companhiadasletras.com.br\">www.companhiadasletras.com.br<\/a><\/p>\n<p><strong><img loading=\"lazy\" decoding=\"async\" class=\"alignright size-full wp-image-100930\" title=\"\" src=\"http:\/\/revistapesquisa.fapesp.br\/wp-content\/uploads\/2007\/04\/psico11.jpg\" alt=\"\" width=\"106\" height=\"150\" \/>Psicolog\u00eda del miedo: c\u00f3mo lidiar con temores, fobias, angustias y p\u00e1nicos<\/strong><br \/>\n<em>Christophe Andr\u00e9 <\/em><br \/>\n<em>Editora Vozes<\/em><br \/>\n<em>304 p\u00e1ginas, R$ 48,00<\/em><\/p>\n<p>Por intermedio de los relatos y a partir de su experiencia como m\u00e9dico y psicoterapeuta, Christope Andr\u00e9, expertos en miedos y fobias, describe y comenta casos reales de personas que lograron curarse de sus miedos, posibilitando tambi\u00e9n al lector el conocimiento de los m\u00e9todos terap\u00e9uticos eficaces en la lucha contra los miedos en cada una de sus m\u00faltiples formas.<\/p>\n<p>Editora Vozes (00 55 24) 2233-9000<br \/>\n<a href=\"http:\/\/www.editoravozes.com.br\">www.editoravozes.com.br<\/a><\/p>\n<p><strong><img loading=\"lazy\" decoding=\"async\" class=\"alignleft size-full wp-image-100929\" title=\"\" src=\"http:\/\/revistapesquisa.fapesp.br\/wp-content\/uploads\/2007\/04\/pais11.jpg\" alt=\"\" width=\"98\" height=\"150\" \/>Brasil, \u00bfun pa\u00eds del futuro?<\/strong><br \/>\n<em>Jo\u00e3o Paulo dos Reis Velloso y Roberto Cavalcanti de Albuquerque (Coordinadores.)<\/em><br \/>\n<em>Jos\u00e9 Olympio Editora<\/em><br \/>\n<em>154 p\u00e1ginas, R$ 31,00<\/em><\/p>\n<p>El libro contiene una recopilaci\u00f3n de textos de estudiosos, tales como Bol\u00edvar Lamounier y Regis Bonelli, entre otros, que se encontraron en 2006 durante el Forum Especial, realizado en R\u00edo de Janeiro, cuyo tema principal fue \u201cProyecto de Brasil \u2013 opciones de pa\u00edses y opciones de desarrollo\u201d. Uno de los paneles del forum estuvo dedicado a la conmemoraci\u00f3n de los 125 a\u00f1os del escritor austriaco Stefan Zweig (1881-1942) y los 65 a\u00f1os de su libro \u201cBrasil, un pa\u00eds del futuro\u201d (de 1941)<\/p>\n<p>Jos\u00e9 Olympio (00 55 21) 2585-2060<br \/>\n<a href=\"http:\/\/www.record.com.br\">www.record.com.br<\/a><\/p>\n<p><strong><img loading=\"lazy\" decoding=\"async\" class=\"alignright size-full wp-image-100928\" title=\"\" src=\"http:\/\/revistapesquisa.fapesp.br\/wp-content\/uploads\/2007\/04\/leitura11.jpg\" alt=\"\" width=\"100\" height=\"150\" \/>Historia de la lectura<\/strong><br \/>\n<em>Steven Roger Fischer<\/em><br \/>\n<em>Editora Unesp<\/em><br \/>\n<em>340 p\u00e1ginas, R$ 49,00<\/em><\/p>\n<p>Las diversas transformaciones de la lectura, desde cuando el s\u00edmbolo se convirti\u00f3 en signo hasta los textos electr\u00f3nicos de la actualidad; son relatados detalladamente por Fischer en esta sinopsis general de la historia de la lectura. Seg\u00fan el autor, \u201cla lectura se desarroll\u00f3 con la comprensi\u00f3n m\u00e1s profunda por parte de la humanidad, de los recursos latentes de la palabra escrita y la historia de la lectura abarc\u00f3 niveles sucesivos de maduraci\u00f3n social\u201d.<\/p>\n<p>Editora Unesp (00 55 11) 3242-7171<br \/>\n<a href=\"http:\/\/www.editoraunesp.com.br\">www.editoraunesp.com.br<\/a><\/p>\n<p><strong><img loading=\"lazy\" decoding=\"async\" class=\"alignleft size-full wp-image-100927\" title=\"\" src=\"http:\/\/revistapesquisa.fapesp.br\/wp-content\/uploads\/2007\/04\/conceito11.jpg\" alt=\"\" width=\"95\" height=\"150\" \/>La tranquilidad del concepto: un ensayo sobre el discurso hegeliano<\/strong><br \/>\n<em>G\u00e9rard Lebrun<\/em><br \/>\n<em>Editora Unesp<\/em><br \/>\n<em>416 p\u00e1ginas, R$ 70,00<\/em><\/p>\n<p>Lebrun intenta discutir y entender el discurso hegeliano, pero no reconstruyendo las tesis de Hegel, confiri\u00e9ndole \u201cun lugar en la constelaci\u00f3n de sistemas\u201d. En lugar de un \u201cinventario de las estructuras de una filosof\u00eda\u201d o un retrato de la evoluci\u00f3n de un pensamiento, el autor discute los par\u00e1metros para entender las tesis hegelianas a partir del nuevo modo de pensamiento inaugurado por Hegel.<\/p>\n<p>Editora Unesp (00 55 11) 3242-7171<br \/>\n<a href=\"http:\/\/www.editoraunesp.com.br\">www.editoraunesp.com.br<\/a><\/p>\n","protected":false},"excerpt":{"rendered":"Libro publicados en abril de 2007","protected":false},"author":6,"featured_media":0,"comment_status":"open","ping_status":"open","sticky":false,"template":"","format":"standard","meta":{"_acf_changed":false,"_exactmetrics_skip_tracking":false,"_exactmetrics_sitenote_active":false,"_exactmetrics_sitenote_note":"","_exactmetrics_sitenote_category":0,"footnotes":""},"categories":[190],"tags":[],"coauthors":[93],"class_list":["post-100860","post","type-post","status-publish","format-standard","hentry","category-resenas"],"acf":[],"_links":{"self":[{"href":"https:\/\/revistapesquisa.fapesp.br\/es\/wp-json\/wp\/v2\/posts\/100860","targetHints":{"allow":["GET"]}}],"collection":[{"href":"https:\/\/revistapesquisa.fapesp.br\/es\/wp-json\/wp\/v2\/posts"}],"about":[{"href":"https:\/\/revistapesquisa.fapesp.br\/es\/wp-json\/wp\/v2\/types\/post"}],"author":[{"embeddable":true,"href":"https:\/\/revistapesquisa.fapesp.br\/es\/wp-json\/wp\/v2\/users\/6"}],"replies":[{"embeddable":true,"href":"https:\/\/revistapesquisa.fapesp.br\/es\/wp-json\/wp\/v2\/comments?post=100860"}],"version-history":[{"count":0,"href":"https:\/\/revistapesquisa.fapesp.br\/es\/wp-json\/wp\/v2\/posts\/100860\/revisions"}],"wp:attachment":[{"href":"https:\/\/revistapesquisa.fapesp.br\/es\/wp-json\/wp\/v2\/media?parent=100860"}],"wp:term":[{"taxonomy":"category","embeddable":true,"href":"https:\/\/revistapesquisa.fapesp.br\/es\/wp-json\/wp\/v2\/categories?post=100860"},{"taxonomy":"post_tag","embeddable":true,"href":"https:\/\/revistapesquisa.fapesp.br\/es\/wp-json\/wp\/v2\/tags?post=100860"},{"taxonomy":"author","embeddable":true,"href":"https:\/\/revistapesquisa.fapesp.br\/es\/wp-json\/wp\/v2\/coauthors?post=100860"}],"curies":[{"name":"wp","href":"https:\/\/api.w.org\/{rel}","templated":true}]}}