{"id":101026,"date":"2011-04-01T00:00:56","date_gmt":"2011-04-01T03:00:56","guid":{"rendered":"http:\/\/revistapesquisa.fapesp.br\/?p=101026"},"modified":"2015-02-26T13:40:33","modified_gmt":"2015-02-26T16:40:33","slug":"evaluaci%c3%b3n-neuropsicol%c3%b3gica","status":"publish","type":"post","link":"https:\/\/revistapesquisa.fapesp.br\/es\/evaluaci%c3%b3n-neuropsicol%c3%b3gica\/","title":{"rendered":"Evaluaci\u00f3n neuropsicol\u00f3gica"},"content":{"rendered":"<p>El traumatismo craneoencef\u00e1lico (TCE) constituye una de las causas m\u00e1s frecuentes de lesi\u00f3n cerebral. En los libros se mencionan los d\u00e9ficits cognitivos luego de un TCE moderado a grave, relacionados con la memoria, el lenguaje, las funciones ejecutivas, la atenci\u00f3n y la velocidad de procesamiento de informaciones. Son escasos los estudios en pacientes con TCE leve, aunque tambi\u00e9n esos pacientes presentan alteraciones neuropsicol\u00f3gicas. La investigaci\u00f3n <em>Alteraciones neuropsicol\u00f3gicas en pacientes con traumatismo craneoencef\u00e1lico leve a moderado, <\/em>indag\u00f3 en el funcionamiento cognitivo de pacientes con TCE leve a moderado por intermedio de un extenso protocolo (PN01) de test neuropsicol\u00f3gicos. Se evaluaron 12 pacientes con TCE leve y moderado, identificando d\u00e9ficits graves de la memoria epis\u00f3dica verbal para la evocaci\u00f3n inmediata y tard\u00eda, nominaci\u00f3n, fluidez verbal nominal y velocidad de procesamiento de informaciones. Los resultados del estudio argumentan a favor de la importancia de la evaluaci\u00f3n neuropsicol\u00f3gica generalizada, a\u00fan en los casos de TCE leve, con la finalidad de identificar funciones comprometidas y preservadas, promoviendo conductas y programas de rehabilitaci\u00f3n adecuados a cada caso. Los investigadores responsables por el trabajo son: Eliane Correa Miotto, Fernanda Zanetti Cinalli, Val\u00e9ria Trunkl Serrao, Glaucia Guerra Benute, Mara Cristina Souza Lucia y Milberto Scaff, de la Universidad de S\u00e3o Paulo.<\/p>\n<p><em>Arquivos de Neuropsiquiatria<\/em> \u2013\u00a0Tomo 68\u00a0\u2013 N\u00ba 6\u00a0\u2013 S\u00e3o Paulo \u2013\u00a0Dic.\u00a02010<\/p>\n","protected":false},"excerpt":{"rendered":"Evaluaci\u00f3n neuropsicol\u00f3gica ","protected":false},"author":6,"featured_media":0,"comment_status":"open","ping_status":"open","sticky":false,"template":"","format":"standard","meta":{"_acf_changed":false,"_exactmetrics_skip_tracking":false,"_exactmetrics_sitenote_active":false,"_exactmetrics_sitenote_note":"","_exactmetrics_sitenote_category":0,"footnotes":""},"categories":[342],"tags":[],"coauthors":[93],"class_list":["post-101026","post","type-post","status-publish","format-standard","hentry","category-scielo-es"],"acf":[],"_links":{"self":[{"href":"https:\/\/revistapesquisa.fapesp.br\/es\/wp-json\/wp\/v2\/posts\/101026","targetHints":{"allow":["GET"]}}],"collection":[{"href":"https:\/\/revistapesquisa.fapesp.br\/es\/wp-json\/wp\/v2\/posts"}],"about":[{"href":"https:\/\/revistapesquisa.fapesp.br\/es\/wp-json\/wp\/v2\/types\/post"}],"author":[{"embeddable":true,"href":"https:\/\/revistapesquisa.fapesp.br\/es\/wp-json\/wp\/v2\/users\/6"}],"replies":[{"embeddable":true,"href":"https:\/\/revistapesquisa.fapesp.br\/es\/wp-json\/wp\/v2\/comments?post=101026"}],"version-history":[{"count":0,"href":"https:\/\/revistapesquisa.fapesp.br\/es\/wp-json\/wp\/v2\/posts\/101026\/revisions"}],"wp:attachment":[{"href":"https:\/\/revistapesquisa.fapesp.br\/es\/wp-json\/wp\/v2\/media?parent=101026"}],"wp:term":[{"taxonomy":"category","embeddable":true,"href":"https:\/\/revistapesquisa.fapesp.br\/es\/wp-json\/wp\/v2\/categories?post=101026"},{"taxonomy":"post_tag","embeddable":true,"href":"https:\/\/revistapesquisa.fapesp.br\/es\/wp-json\/wp\/v2\/tags?post=101026"},{"taxonomy":"author","embeddable":true,"href":"https:\/\/revistapesquisa.fapesp.br\/es\/wp-json\/wp\/v2\/coauthors?post=101026"}],"curies":[{"name":"wp","href":"https:\/\/api.w.org\/{rel}","templated":true}]}}