{"id":102083,"date":"2009-12-01T00:00:51","date_gmt":"2009-12-01T02:00:51","guid":{"rendered":"http:\/\/revistapesquisa.fapesp.br\/?p=102083"},"modified":"2013-01-28T19:08:02","modified_gmt":"2013-01-28T21:08:02","slug":"visibilidad-internacional-2","status":"publish","type":"post","link":"https:\/\/revistapesquisa.fapesp.br\/es\/visibilidad-internacional-2\/","title":{"rendered":"Visibilidad internacional"},"content":{"rendered":"<p><img loading=\"lazy\" decoding=\"async\" class=\"alignright size-medium wp-image-102110\" title=\"\" src=\"http:\/\/revistapesquisa.fapesp.br\/wp-content\/uploads\/2013\/01\/notcont6059-300x240.jpg\" alt=\"\" width=\"300\" height=\"240\" srcset=\"https:\/\/revistapesquisa.fapesp.br\/wp-content\/uploads\/2013\/01\/notcont6059-300x240.jpg 300w, https:\/\/revistapesquisa.fapesp.br\/wp-content\/uploads\/2013\/01\/notcont6059.jpg 350w\" sizes=\"auto, (max-width: 300px) 100vw, 300px\" \/>El programa Biota FAPESP coorganiz\u00f3 dos simposios en el marco de la segunda edici\u00f3n de la DIVERSITAS Open Science Conference, realizada en Ciudad del Cabo, Sud\u00e1frica, entre los d\u00edas 13 y 16 de octubre. \u201cSe trat\u00f3 del principal evento de 2009 en el \u00e1rea de biodiversidad\u201d, dice Carlos Alfredo Joly, coordinador del Biota. El primer simposio abord\u00f3 la utilizaci\u00f3n de datos cient\u00edficos en la mejora de pol\u00edticas p\u00fablicas de conservaci\u00f3n ambiental. El segundo abord\u00f3 la estructuraci\u00f3n de bancos de datos en el \u00e1rea de biodiversidad y su utilizaci\u00f3n para la toma de decisiones en el \u00e1rea ambiental. En ambos casos, se mostr\u00f3 la experiencia del Biota. De acuerdo con Joly, el rol que el Biota desempe\u00f1\u00f3 es indicativo de la visibilidad que el programa ha venido adquiriendo en el escenario internacional. \u201cEstamos produciendo ciencia de alta calidad y transform\u00e1ndola en pol\u00edticas de conservaci\u00f3n. Esto llama la atenci\u00f3n en el \u00e1mbito de programas de otros pa\u00edses que encaran desaf\u00edos similares, dijo. Seg\u00fan Joly, la meta es ahora transformar la visibilidad en asociaciones internacionales para la investigaci\u00f3n. \u201cCuando uno muestra que tiene grupos de calidad, estimula la integraci\u00f3n\u201d. La participaci\u00f3n del Biota en eventos cient\u00edficos se intensificar\u00e1 en 2010, a\u00f1o Internacional de la Biodiversidad. El programa organizar\u00e1 un evento en S\u00e3o Paulo que contar\u00e1 con la participaci\u00f3n de expertos de varios pa\u00edses, el d\u00eda 22 de mayo, el D\u00eda Internacional de la Biodiversidad.<\/p>\n","protected":false},"excerpt":{"rendered":"Visibilidad internacional","protected":false},"author":6,"featured_media":0,"comment_status":"closed","ping_status":"closed","sticky":false,"template":"","format":"standard","meta":{"_acf_changed":false,"_exactmetrics_skip_tracking":false,"_exactmetrics_sitenote_active":false,"_exactmetrics_sitenote_note":"","_exactmetrics_sitenote_category":0,"footnotes":""},"categories":[184],"tags":[],"coauthors":[93],"class_list":["post-102083","post","type-post","status-publish","format-standard","hentry","category-estrategias-es"],"acf":[],"_links":{"self":[{"href":"https:\/\/revistapesquisa.fapesp.br\/es\/wp-json\/wp\/v2\/posts\/102083","targetHints":{"allow":["GET"]}}],"collection":[{"href":"https:\/\/revistapesquisa.fapesp.br\/es\/wp-json\/wp\/v2\/posts"}],"about":[{"href":"https:\/\/revistapesquisa.fapesp.br\/es\/wp-json\/wp\/v2\/types\/post"}],"author":[{"embeddable":true,"href":"https:\/\/revistapesquisa.fapesp.br\/es\/wp-json\/wp\/v2\/users\/6"}],"replies":[{"embeddable":true,"href":"https:\/\/revistapesquisa.fapesp.br\/es\/wp-json\/wp\/v2\/comments?post=102083"}],"version-history":[{"count":0,"href":"https:\/\/revistapesquisa.fapesp.br\/es\/wp-json\/wp\/v2\/posts\/102083\/revisions"}],"wp:attachment":[{"href":"https:\/\/revistapesquisa.fapesp.br\/es\/wp-json\/wp\/v2\/media?parent=102083"}],"wp:term":[{"taxonomy":"category","embeddable":true,"href":"https:\/\/revistapesquisa.fapesp.br\/es\/wp-json\/wp\/v2\/categories?post=102083"},{"taxonomy":"post_tag","embeddable":true,"href":"https:\/\/revistapesquisa.fapesp.br\/es\/wp-json\/wp\/v2\/tags?post=102083"},{"taxonomy":"author","embeddable":true,"href":"https:\/\/revistapesquisa.fapesp.br\/es\/wp-json\/wp\/v2\/coauthors?post=102083"}],"curies":[{"name":"wp","href":"https:\/\/api.w.org\/{rel}","templated":true}]}}