{"id":102158,"date":"2011-01-01T00:00:54","date_gmt":"2011-01-01T02:00:54","guid":{"rendered":"http:\/\/revistapesquisa.fapesp.br\/?p=102158"},"modified":"2013-01-28T19:23:51","modified_gmt":"2013-01-28T21:23:51","slug":"reconocimiento-en-cancun","status":"publish","type":"post","link":"https:\/\/revistapesquisa.fapesp.br\/es\/reconocimiento-en-cancun\/","title":{"rendered":"Reconocimiento en Canc\u00fan"},"content":{"rendered":"<div id=\"attachment_102163\" style=\"max-width: 179px\" class=\"wp-caption alignright\"><img loading=\"lazy\" decoding=\"async\" class=\"size-medium wp-image-102163\" title=\"\" src=\"http:\/\/revistapesquisa.fapesp.br\/wp-content\/uploads\/2013\/01\/estrategias6-169x300.jpg\" alt=\"\" width=\"169\" height=\"300\" srcset=\"https:\/\/revistapesquisa.fapesp.br\/wp-content\/uploads\/2013\/01\/estrategias6-169x300.jpg 169w, https:\/\/revistapesquisa.fapesp.br\/wp-content\/uploads\/2013\/01\/estrategias6.jpg 250w\" sizes=\"auto, (max-width: 169px) 100vw, 169px\" \/><span class=\"media-credits-inline\">EDUARDO CESAR<\/span><p class=\"wp-caption-text\">Maria Guimar\u00e3es: premio de reportaje<span class=\"media-credits\">EDUARDO CESAR<\/span><\/p><\/div>\n<p>La periodista Maria Guimar\u00e3es, responsable de la edici\u00f3n de <em>Pesquisa FAPESP<\/em> online, obtuvo el primer lugar en el Premio de Reportaje sobre Biodiversidad de Conservaci\u00f3n Internacional, que se entreg\u00f3 en Canc\u00fan, M\u00e9xico. La distinci\u00f3n fue un reconocimiento al trabajo period\u00edstico sobre medio ambiente. El segundo lugar fue para periodista boliviana Miriam Jemio. Maria hab\u00eda ganado el primero y el segundo lugar en la categor\u00eda periodismo impreso en el marco de la 10\u00aa edici\u00f3n del Premio de Reportaje sobre la biodiversidad del Bosque Atl\u00e1ntico, organizado por la Alianza para la Conservaci\u00f3n del Bosque Atl\u00e1ntico. En esa ocasi\u00f3n, los reportajes premiados fueron \u201cLas jardineras fieles\u201d (publicado en julio de 2009) y \u201cEl futuro de la naturaleza y la agricultura\u201d (octubre de 2009). En Canc\u00fan, el texto \u201cLas jardineras fieles\u201d fue seleccionado como el mejor trabajo entre los laureados de Bolivia, Colombia, Ecuador, Per\u00fa y Madagascar. \u201cEl trabajo de los periodistas premiados es particularmente importante en raz\u00f3n de la riqueza de la biodiversidad de sus pa\u00edses\u201d, dijo Fred Boltz, de Conservaci\u00f3n Internacional.<\/p>\n","protected":false},"excerpt":{"rendered":"Reconocimiento en Canc\u00fan","protected":false},"author":6,"featured_media":0,"comment_status":"open","ping_status":"open","sticky":false,"template":"","format":"standard","meta":{"_acf_changed":false,"_exactmetrics_skip_tracking":false,"_exactmetrics_sitenote_active":false,"_exactmetrics_sitenote_note":"","_exactmetrics_sitenote_category":0,"footnotes":""},"categories":[184],"tags":[],"coauthors":[93],"class_list":["post-102158","post","type-post","status-publish","format-standard","hentry","category-estrategias-es"],"acf":[],"_links":{"self":[{"href":"https:\/\/revistapesquisa.fapesp.br\/es\/wp-json\/wp\/v2\/posts\/102158","targetHints":{"allow":["GET"]}}],"collection":[{"href":"https:\/\/revistapesquisa.fapesp.br\/es\/wp-json\/wp\/v2\/posts"}],"about":[{"href":"https:\/\/revistapesquisa.fapesp.br\/es\/wp-json\/wp\/v2\/types\/post"}],"author":[{"embeddable":true,"href":"https:\/\/revistapesquisa.fapesp.br\/es\/wp-json\/wp\/v2\/users\/6"}],"replies":[{"embeddable":true,"href":"https:\/\/revistapesquisa.fapesp.br\/es\/wp-json\/wp\/v2\/comments?post=102158"}],"version-history":[{"count":0,"href":"https:\/\/revistapesquisa.fapesp.br\/es\/wp-json\/wp\/v2\/posts\/102158\/revisions"}],"wp:attachment":[{"href":"https:\/\/revistapesquisa.fapesp.br\/es\/wp-json\/wp\/v2\/media?parent=102158"}],"wp:term":[{"taxonomy":"category","embeddable":true,"href":"https:\/\/revistapesquisa.fapesp.br\/es\/wp-json\/wp\/v2\/categories?post=102158"},{"taxonomy":"post_tag","embeddable":true,"href":"https:\/\/revistapesquisa.fapesp.br\/es\/wp-json\/wp\/v2\/tags?post=102158"},{"taxonomy":"author","embeddable":true,"href":"https:\/\/revistapesquisa.fapesp.br\/es\/wp-json\/wp\/v2\/coauthors?post=102158"}],"curies":[{"name":"wp","href":"https:\/\/api.w.org\/{rel}","templated":true}]}}