{"id":102391,"date":"2010-11-01T20:13:54","date_gmt":"2010-11-01T22:13:54","guid":{"rendered":"http:\/\/revistapesquisa.fapesp.br\/?p=102391"},"modified":"2013-01-28T20:36:36","modified_gmt":"2013-01-28T22:36:36","slug":"la-producci%c3%b3n-de-tres-ilustrados","status":"publish","type":"post","link":"https:\/\/revistapesquisa.fapesp.br\/es\/la-producci%c3%b3n-de-tres-ilustrados\/","title":{"rendered":"La producci\u00f3n de tres ilustrados"},"content":{"rendered":"<p><img loading=\"lazy\" decoding=\"async\" class=\"alignright size-full wp-image-102481\" title=\"notcont6869-254x300\" src=\"http:\/\/revistapesquisa.fapesp.br\/wp-content\/uploads\/2013\/01\/notcont6869-254x300.jpg\" alt=\"\" width=\"254\" height=\"300\" \/><span class=\"media-credits-inline\">CAMPUS.FCT.UNL.PT<\/span>El art\u00edculo intitulado \u201cViajes, temblores y conchas: aspectos de la naturaleza de Am\u00e9rica en escritos de Jos\u00e9 Bonif\u00e1cio de Andrada e Silva, Jos\u00e9 Hip\u00f3lito Unan\u00fae y D\u00e1maso Antonio Larra\u00f1aga\u201d plantea puntos de la producci\u00f3n cient\u00edfica de los tres ilustrados \u2013Bonif\u00e1cio (en el dibujo), Hip\u00f3lito y Larra\u00f1aga \u2013 que actuaron en Am\u00e9rica del Sur. Los tres naturalistas de trayectorias, territorios y creencias diferentes erigieron versiones propias sobre aspectos de la naturaleza de Am\u00e9rica. En com\u00fan, contribuyeron con sus trabajos cient\u00edficos a la construcci\u00f3n de la geohistoria americana. Fueron seleccionaron para el an\u00e1lisis siguiendo criterios de dispersi\u00f3n territorial y por sus diferentes abordajes sobre aspectos espec\u00edficos de las ciencias de la tierra. Los autores del estudio, Maria Margaret Lopes, de la Universidad de \u00c9vora, y Alex Gon\u00e7alves Varela, del Museo de Astronom\u00eda y Ciencias Afines, argumentan que estos personajes no solamente construyeron sus propios conocimientos sobre climas y territorios, sino que tambi\u00e9n utilizaron su saber cient\u00edfico en la implementaci\u00f3n de acciones pol\u00edticas destinadas a sus respectivos pa\u00edses en formaci\u00f3n.<\/p>\n<p><em>Boletim do Museu Paraense Em\u00edlio Goeldi<\/em>. <em>Ci\u00eancias Humanas<\/em> \u2013 Tomo 5 \u2013 n\u00ba 2 \u2013 Bel\u00e9m \u2013 may.\/ago. 2010<\/p>\n<p><a href=\"http:\/\/www.scielo.br\/scielo.php?script=sci_arttext&amp;pid=S1981-81222010000200003&amp;lng=pt&amp;nrm=iso&amp;tlng=pt\">Link para o artigo<\/a><\/p>\n","protected":false},"excerpt":{"rendered":"La producci\u00f3n de tres ilustrados ","protected":false},"author":6,"featured_media":0,"comment_status":"open","ping_status":"open","sticky":false,"template":"","format":"standard","meta":{"_acf_changed":false,"_exactmetrics_skip_tracking":false,"_exactmetrics_sitenote_active":false,"_exactmetrics_sitenote_note":"","_exactmetrics_sitenote_category":0,"footnotes":""},"categories":[342],"tags":[],"coauthors":[93],"class_list":["post-102391","post","type-post","status-publish","format-standard","hentry","category-scielo-es"],"acf":[],"_links":{"self":[{"href":"https:\/\/revistapesquisa.fapesp.br\/es\/wp-json\/wp\/v2\/posts\/102391","targetHints":{"allow":["GET"]}}],"collection":[{"href":"https:\/\/revistapesquisa.fapesp.br\/es\/wp-json\/wp\/v2\/posts"}],"about":[{"href":"https:\/\/revistapesquisa.fapesp.br\/es\/wp-json\/wp\/v2\/types\/post"}],"author":[{"embeddable":true,"href":"https:\/\/revistapesquisa.fapesp.br\/es\/wp-json\/wp\/v2\/users\/6"}],"replies":[{"embeddable":true,"href":"https:\/\/revistapesquisa.fapesp.br\/es\/wp-json\/wp\/v2\/comments?post=102391"}],"version-history":[{"count":0,"href":"https:\/\/revistapesquisa.fapesp.br\/es\/wp-json\/wp\/v2\/posts\/102391\/revisions"}],"wp:attachment":[{"href":"https:\/\/revistapesquisa.fapesp.br\/es\/wp-json\/wp\/v2\/media?parent=102391"}],"wp:term":[{"taxonomy":"category","embeddable":true,"href":"https:\/\/revistapesquisa.fapesp.br\/es\/wp-json\/wp\/v2\/categories?post=102391"},{"taxonomy":"post_tag","embeddable":true,"href":"https:\/\/revistapesquisa.fapesp.br\/es\/wp-json\/wp\/v2\/tags?post=102391"},{"taxonomy":"author","embeddable":true,"href":"https:\/\/revistapesquisa.fapesp.br\/es\/wp-json\/wp\/v2\/coauthors?post=102391"}],"curies":[{"name":"wp","href":"https:\/\/api.w.org\/{rel}","templated":true}]}}