{"id":102472,"date":"2013-01-28T20:34:41","date_gmt":"2013-01-28T22:34:41","guid":{"rendered":"http:\/\/revistapesquisa.fapesp.br\/?p=102472"},"modified":"2013-01-28T20:34:41","modified_gmt":"2013-01-28T22:34:41","slug":"producci%c3%b3n-de-rosas","status":"publish","type":"post","link":"https:\/\/revistapesquisa.fapesp.br\/es\/producci%c3%b3n-de-rosas\/","title":{"rendered":"Producci\u00f3n de rosas"},"content":{"rendered":"<p>El trabajo intitulado \u201cProducci\u00f3n y calidad de pimpollos de rosa cv. Vega cultivados bajo pl\u00e1sticos de cobertura con diferentes a\u00f1os de uso\u201d, de Jos\u00e9 Luis Martins y Maria Angela Fagnani, de la Universidad Estadual de Campinas, y S\u00f4nia Maria D\u2019stefano Piedade, de la Escuela Superior de Agricultura Luiz de Queiroz, de la Universidad de S\u00e3o Paulo, tuvo como objetivo evaluar la producci\u00f3n y la calidad de pimpollos de rosa cultivar Vega (Rosa sp.), cultivados bajo cobertura pl\u00e1stica con diferentes a\u00f1os de uso. A tal fin se seleccionaron 15 vanos de invernadero con pl\u00e1sticos dispuestos en 1998, 1999, 2002, 2003, y testigo (sin uso anterior), con tres repeticiones, evaluados de dos maneras: en la primera, los frutos se obtuvieron mediante una poda (procedimiento del cultivo comercial); en la segunda se realiz\u00f3 una poda corta en un \u00e1rea de un metro cuadrado para poder seguir el crecimiento de tallo floral desde el comienzo de la formaci\u00f3n hasta la fase de pimpollo floral. En el primer caso se realizaron cuatro cortes en el decurso del tiempo del experimento, en los cuales se cortaron cuatro tallos florales por tratamiento, totalizando 60 flores por fecha de corte. En segundo caso se evalu\u00f3 la aparici\u00f3n de los pimpollos florales de los nuevos brotes en cuatro fechas hasta la formaci\u00f3n de los tallos florales comerciales, y luego se cortaron 13 tallos florales por tratamiento. No hubo diferencia estad\u00edstica entre los a\u00f1os de uso de los pl\u00e1sticos de 1998, 1999, 2002 y 2003 en las siguientes variables: longitud, di\u00e1metro y longitud de los pimpollos florales, y masa fresca y seca de los p\u00e9talos para las condiciones y la variedad analizadas. As\u00ed, los productores cuentan con un per\u00edodo mayor de utilizaci\u00f3n de los pl\u00e1sticos, lo que genera un menor costo, sin p\u00e9rdidas en la producci\u00f3n.<\/p>\n<p><em>Ci\u00eancia e Agrotecnolog\u00eda<\/em> \u2013 Tomo\u00a033 \u2013 n\u00ba especial \u2013 Lavras 2009<\/p>\n","protected":false},"excerpt":{"rendered":"Producci\u00f3n de rosas","protected":false},"author":6,"featured_media":0,"comment_status":"open","ping_status":"open","sticky":false,"template":"","format":"standard","meta":{"_acf_changed":false,"_exactmetrics_skip_tracking":false,"_exactmetrics_sitenote_active":false,"_exactmetrics_sitenote_note":"","_exactmetrics_sitenote_category":0,"footnotes":""},"categories":[342],"tags":[],"coauthors":[93],"class_list":["post-102472","post","type-post","status-publish","format-standard","hentry","category-scielo-es"],"acf":[],"_links":{"self":[{"href":"https:\/\/revistapesquisa.fapesp.br\/es\/wp-json\/wp\/v2\/posts\/102472","targetHints":{"allow":["GET"]}}],"collection":[{"href":"https:\/\/revistapesquisa.fapesp.br\/es\/wp-json\/wp\/v2\/posts"}],"about":[{"href":"https:\/\/revistapesquisa.fapesp.br\/es\/wp-json\/wp\/v2\/types\/post"}],"author":[{"embeddable":true,"href":"https:\/\/revistapesquisa.fapesp.br\/es\/wp-json\/wp\/v2\/users\/6"}],"replies":[{"embeddable":true,"href":"https:\/\/revistapesquisa.fapesp.br\/es\/wp-json\/wp\/v2\/comments?post=102472"}],"version-history":[{"count":0,"href":"https:\/\/revistapesquisa.fapesp.br\/es\/wp-json\/wp\/v2\/posts\/102472\/revisions"}],"wp:attachment":[{"href":"https:\/\/revistapesquisa.fapesp.br\/es\/wp-json\/wp\/v2\/media?parent=102472"}],"wp:term":[{"taxonomy":"category","embeddable":true,"href":"https:\/\/revistapesquisa.fapesp.br\/es\/wp-json\/wp\/v2\/categories?post=102472"},{"taxonomy":"post_tag","embeddable":true,"href":"https:\/\/revistapesquisa.fapesp.br\/es\/wp-json\/wp\/v2\/tags?post=102472"},{"taxonomy":"author","embeddable":true,"href":"https:\/\/revistapesquisa.fapesp.br\/es\/wp-json\/wp\/v2\/coauthors?post=102472"}],"curies":[{"name":"wp","href":"https:\/\/api.w.org\/{rel}","templated":true}]}}