{"id":102866,"date":"2010-10-01T22:52:44","date_gmt":"2010-10-02T01:52:44","guid":{"rendered":"http:\/\/revistapesquisa.fapesp.br\/?p=102866"},"modified":"2013-01-28T22:56:28","modified_gmt":"2013-01-29T00:56:28","slug":"danza-y-educaci%c3%b3n-som%c3%a1tica","status":"publish","type":"post","link":"https:\/\/revistapesquisa.fapesp.br\/es\/danza-y-educaci%c3%b3n-som%c3%a1tica\/","title":{"rendered":"Danza y educaci\u00f3n som\u00e1tica"},"content":{"rendered":"<p><img loading=\"lazy\" decoding=\"async\" class=\"alignright size-full wp-image-102870\" title=\"notcont6790\" src=\"http:\/\/revistapesquisa.fapesp.br\/wp-content\/uploads\/2013\/01\/notcont6790.jpg\" alt=\"\" width=\"186\" height=\"350\" srcset=\"https:\/\/revistapesquisa.fapesp.br\/wp-content\/uploads\/2013\/01\/notcont6790.jpg 186w, https:\/\/revistapesquisa.fapesp.br\/wp-content\/uploads\/2013\/01\/notcont6790-159x300.jpg 159w\" sizes=\"auto, (max-width: 186px) 100vw, 186px\" \/><span class=\"media-credits-inline\">REPRODUCCI\u00d3N<\/span>En el art\u00edculo intitulado \u201cEl encuentro entre la danza y la educaci\u00f3n som\u00e1tica como una interfaz de cuestionamiento epistemol\u00f3gico de las teor\u00edas del cuerpo\u201d, la investigadora Eloisa Domenici, de la Universidad Federal de Bah\u00eda, destaca la sinergia existente entre la educaci\u00f3n som\u00e1tica (corporal) y la danza, como un subespacio de producci\u00f3n de conocimiento calificado sobre el cuerpo. La autora considera que las pr\u00e1cticas de educaci\u00f3n som\u00e1tica han hecho posibles nuevos caminos de investigaci\u00f3n y creaci\u00f3n, y han alterado profundamente los modos de hacer danza, m\u00e1s all\u00e1 de la cl\u00e1sica epistemolog\u00eda mecanicista en la cual se basa el entrenamiento corporal tradicional. La hip\u00f3tesis de la autora indica que esa zona h\u00edbrida ubicada entre arte y ciencia ha venido desestabilizando concepciones importantes como las de memoria, cognici\u00f3n, movimiento, h\u00e1bito, naturaleza y cultura, entre \u00a0otras, y ha producido interesantes aportes\u00a0 en pro de la elaboraci\u00f3n de nuevas epistemolog\u00edas sobre el cuerpo.<\/p>\n<p><em>Pro-Prosi\u00e7\u00f5es<\/em>\u00a0\u2013 Tomo 21\u00a0\u2013 n\u00ba 2\u00a0\u2013 Campinas\u00a0\u2013 may\/ago.\u00a02010<\/p>\n<p><a href=\"http:\/\/www.scielo.br\/pdf\/pp\/v21n2\/v21n2a06.pdf\">Link para o artigo<\/a><\/p>\n","protected":false},"excerpt":{"rendered":"Danza y educaci\u00f3n som\u00e1tica","protected":false},"author":6,"featured_media":0,"comment_status":"open","ping_status":"open","sticky":false,"template":"","format":"standard","meta":{"_acf_changed":false,"_exactmetrics_skip_tracking":false,"_exactmetrics_sitenote_active":false,"_exactmetrics_sitenote_note":"","_exactmetrics_sitenote_category":0,"footnotes":""},"categories":[342],"tags":[],"coauthors":[93],"class_list":["post-102866","post","type-post","status-publish","format-standard","hentry","category-scielo-es"],"acf":[],"_links":{"self":[{"href":"https:\/\/revistapesquisa.fapesp.br\/es\/wp-json\/wp\/v2\/posts\/102866","targetHints":{"allow":["GET"]}}],"collection":[{"href":"https:\/\/revistapesquisa.fapesp.br\/es\/wp-json\/wp\/v2\/posts"}],"about":[{"href":"https:\/\/revistapesquisa.fapesp.br\/es\/wp-json\/wp\/v2\/types\/post"}],"author":[{"embeddable":true,"href":"https:\/\/revistapesquisa.fapesp.br\/es\/wp-json\/wp\/v2\/users\/6"}],"replies":[{"embeddable":true,"href":"https:\/\/revistapesquisa.fapesp.br\/es\/wp-json\/wp\/v2\/comments?post=102866"}],"version-history":[{"count":0,"href":"https:\/\/revistapesquisa.fapesp.br\/es\/wp-json\/wp\/v2\/posts\/102866\/revisions"}],"wp:attachment":[{"href":"https:\/\/revistapesquisa.fapesp.br\/es\/wp-json\/wp\/v2\/media?parent=102866"}],"wp:term":[{"taxonomy":"category","embeddable":true,"href":"https:\/\/revistapesquisa.fapesp.br\/es\/wp-json\/wp\/v2\/categories?post=102866"},{"taxonomy":"post_tag","embeddable":true,"href":"https:\/\/revistapesquisa.fapesp.br\/es\/wp-json\/wp\/v2\/tags?post=102866"},{"taxonomy":"author","embeddable":true,"href":"https:\/\/revistapesquisa.fapesp.br\/es\/wp-json\/wp\/v2\/coauthors?post=102866"}],"curies":[{"name":"wp","href":"https:\/\/api.w.org\/{rel}","templated":true}]}}