{"id":103377,"date":"2010-05-01T00:00:20","date_gmt":"2010-05-01T03:00:20","guid":{"rendered":"http:\/\/revistapesquisa.fapesp.br\/?p=103377"},"modified":"2015-01-22T15:15:21","modified_gmt":"2015-01-22T17:15:21","slug":"dermatolog%c3%ada-a-distancia","status":"publish","type":"post","link":"https:\/\/revistapesquisa.fapesp.br\/es\/dermatolog%c3%ada-a-distancia\/","title":{"rendered":"Dermatolog\u00eda a distancia"},"content":{"rendered":"<p>&nbsp;<\/p>\n<p>El t\u00e9rmino \u201ctelemedicina\u201d hace referencia al uso de tecnolog\u00edas de la comunicaci\u00f3n para la transmisi\u00f3n a distancia de informaciones relacionadas con la salud. Este recurso es utilizado en diversas especialidades m\u00e9dicas, fundamentalmente en aqu\u00e9llas en que la interpretaci\u00f3n de im\u00e1genes constituye una etapa fundamental en la formulaci\u00f3n diagn\u00f3stica. El objetivo del estudio intitulado <em>Teledermatolog\u00eda: correlaci\u00f3n diagn\u00f3stica en los servicio primarios de salud<\/em>\u00a0fue evaluar la concordancia entre el diagn\u00f3stico presencial y el diagn\u00f3stico a distancia de lesiones cut\u00e1neas utilizando la teledermatolog\u00eda en pacientes atendidos en una unidad de atenci\u00f3n primaria en salud. Se realiz\u00f3 un estudio prospectivo con pacientes atendidos en el servicio de dermatolog\u00eda de la cl\u00ednica de la Facultad de Tecnolog\u00eda y Ciencias (FTC) de Salvador, Bah\u00eda.<\/p>\n<p>Participaron en la investigaci\u00f3n un dermat\u00f3logo responsable por la consulta presencial y dos dermat\u00f3logos responsables por la consulta a distancia. Los diagn\u00f3sticos obtenidos mediante la teleconsulta fueron evaluados con relaci\u00f3n a la concordancia y comparados con los diagn\u00f3sticos surgidos de la consulta presencial. En total, 60 pacientes participaron en el trabajo. Se observ\u00f3 un grado de concordancia total que vari\u00f3 del 86,6% al 91,6%. La conclusi\u00f3n de los autores Paulo Ricardo Criado, Cristiana Silveira Silva y Murilo Barreto Souza, de la Universidad de S\u00e3o Paulo, Cec\u00edlia de Almeida Ara\u00fajo, de la FTC, y las dermat\u00f3logas Isabelle Ary Duque, Luciana Molina de Medeiros y Nayra Rodrigues Melo, indica que la teledermatolog\u00eda constituye una forma de asistencia con un gran potencial de uso en dermatolog\u00eda y puede representar una herramienta \u00fatil, fundamentalmente en casos cl\u00ednicos de baja complejidad.<\/p>\n<p>&nbsp;<\/p>\n<p><em>Anais Brasileiros de Dermatologia<\/em> \u2013\u00a0Tomo 84 \u2013 n\u00ba 5\u00a0\u2013 R\u00edo de Janeiro\u00a0\u2013 set.\/out.\u00a02009<\/p>\n<p><a href=\"http:\/\/www.scielo.br\/scielo.php?script=sci_arttext&amp;pid=S0365-05962009000500007&amp;lng=pt&amp;nrm=iso&amp;tlng=pt\" target=\"_blank\">Link para el art\u00edculo<\/a><\/p>\n","protected":false},"excerpt":{"rendered":"Dermatolog\u00eda a distancia","protected":false},"author":6,"featured_media":0,"comment_status":"open","ping_status":"open","sticky":false,"template":"","format":"standard","meta":{"_acf_changed":false,"_exactmetrics_skip_tracking":false,"_exactmetrics_sitenote_active":false,"_exactmetrics_sitenote_note":"","_exactmetrics_sitenote_category":0,"footnotes":""},"categories":[342],"tags":[],"coauthors":[93],"class_list":["post-103377","post","type-post","status-publish","format-standard","hentry","category-scielo-es"],"acf":[],"_links":{"self":[{"href":"https:\/\/revistapesquisa.fapesp.br\/es\/wp-json\/wp\/v2\/posts\/103377","targetHints":{"allow":["GET"]}}],"collection":[{"href":"https:\/\/revistapesquisa.fapesp.br\/es\/wp-json\/wp\/v2\/posts"}],"about":[{"href":"https:\/\/revistapesquisa.fapesp.br\/es\/wp-json\/wp\/v2\/types\/post"}],"author":[{"embeddable":true,"href":"https:\/\/revistapesquisa.fapesp.br\/es\/wp-json\/wp\/v2\/users\/6"}],"replies":[{"embeddable":true,"href":"https:\/\/revistapesquisa.fapesp.br\/es\/wp-json\/wp\/v2\/comments?post=103377"}],"version-history":[{"count":0,"href":"https:\/\/revistapesquisa.fapesp.br\/es\/wp-json\/wp\/v2\/posts\/103377\/revisions"}],"wp:attachment":[{"href":"https:\/\/revistapesquisa.fapesp.br\/es\/wp-json\/wp\/v2\/media?parent=103377"}],"wp:term":[{"taxonomy":"category","embeddable":true,"href":"https:\/\/revistapesquisa.fapesp.br\/es\/wp-json\/wp\/v2\/categories?post=103377"},{"taxonomy":"post_tag","embeddable":true,"href":"https:\/\/revistapesquisa.fapesp.br\/es\/wp-json\/wp\/v2\/tags?post=103377"},{"taxonomy":"author","embeddable":true,"href":"https:\/\/revistapesquisa.fapesp.br\/es\/wp-json\/wp\/v2\/coauthors?post=103377"}],"curies":[{"name":"wp","href":"https:\/\/api.w.org\/{rel}","templated":true}]}}