{"id":103642,"date":"2010-03-01T21:39:23","date_gmt":"2010-03-02T00:39:23","guid":{"rendered":"http:\/\/revistapesquisa.fapesp.br\/?p=103642"},"modified":"2015-01-22T13:44:53","modified_gmt":"2015-01-22T15:44:53","slug":"el-fin-de-la-sociedad","status":"publish","type":"post","link":"https:\/\/revistapesquisa.fapesp.br\/es\/el-fin-de-la-sociedad\/","title":{"rendered":"El fin de la sociedad"},"content":{"rendered":"<p>Partiendo de la constataci\u00f3n de que la investigaci\u00f3n sociol\u00f3gica no corresponde m\u00e1s a su definici\u00f3n cl\u00e1sica, y que por consiguiente ha llegado el momento de que la comunidad acad\u00e9mica supere la contradicci\u00f3n entre sociolog\u00eda profesional y sociolog\u00eda cr\u00edtica, Alan Touraine, de la \u00c9cole des Hautes \u00c9tudes en Sciences Sociales, Par\u00eds, discute algunos puntos centrales de la propuesta del norteamericano Michael\u00a0 Burawoy acerca de la sociolog\u00eda p\u00fablica. Vali\u00e9ndose del recurso de experiencias provenientes de la vida intelectual europea, norteamericana y latinoamericana, Touraine se esfuerza, en el art\u00edculo \u201cLa sociolog\u00eda p\u00fablica y el fin de la sociedad\u201d, en relacionar la sociolog\u00eda p\u00fablica al proceso pol\u00edtico m\u00e1s general de reconocimiento de los derechos de los actores sociales, capaz de organizar el campo en el interior del cual una \u201csociolog\u00eda general de los atores\u201d pueda florecer y desarrollarse. El autor constata que existen tiempos en que la demanda de teorizar es m\u00e1s urgente, y otras \u00e9pocas en que la cr\u00edtica social tiene prioridad. Touraine arriba a la conclusi\u00f3n de que si la comunidad sociol\u00f3gica a\u00fan afirma la necesidad de identificar los principales problemas sociales contempor\u00e1neos, entonces la combinaci\u00f3n de la sociolog\u00eda p\u00fablica con la sociolog\u00eda profesional se vuelve m\u00e1s necesaria.<\/p>\n<p><em>Cadernos CRH<\/em>\u00a0\u2013 tomo 22\u00a0\u2013 n\u00ba 56\u00a0\u2013 Salvador\u00a0\u2013 mayo\/ ago.\u00a02009<\/p>\n<p><a href=\"http:\/\/www.cadernocrh.ufba.br\/viewarticle.php?id=657\">Link para o artigo<\/a><\/p>\n","protected":false},"excerpt":{"rendered":"El fin de la sociedad ","protected":false},"author":6,"featured_media":0,"comment_status":"open","ping_status":"open","sticky":false,"template":"","format":"standard","meta":{"_acf_changed":false,"_exactmetrics_skip_tracking":false,"_exactmetrics_sitenote_active":false,"_exactmetrics_sitenote_note":"","_exactmetrics_sitenote_category":0,"footnotes":""},"categories":[342],"tags":[],"coauthors":[93],"class_list":["post-103642","post","type-post","status-publish","format-standard","hentry","category-scielo-es"],"acf":[],"_links":{"self":[{"href":"https:\/\/revistapesquisa.fapesp.br\/es\/wp-json\/wp\/v2\/posts\/103642","targetHints":{"allow":["GET"]}}],"collection":[{"href":"https:\/\/revistapesquisa.fapesp.br\/es\/wp-json\/wp\/v2\/posts"}],"about":[{"href":"https:\/\/revistapesquisa.fapesp.br\/es\/wp-json\/wp\/v2\/types\/post"}],"author":[{"embeddable":true,"href":"https:\/\/revistapesquisa.fapesp.br\/es\/wp-json\/wp\/v2\/users\/6"}],"replies":[{"embeddable":true,"href":"https:\/\/revistapesquisa.fapesp.br\/es\/wp-json\/wp\/v2\/comments?post=103642"}],"version-history":[{"count":0,"href":"https:\/\/revistapesquisa.fapesp.br\/es\/wp-json\/wp\/v2\/posts\/103642\/revisions"}],"wp:attachment":[{"href":"https:\/\/revistapesquisa.fapesp.br\/es\/wp-json\/wp\/v2\/media?parent=103642"}],"wp:term":[{"taxonomy":"category","embeddable":true,"href":"https:\/\/revistapesquisa.fapesp.br\/es\/wp-json\/wp\/v2\/categories?post=103642"},{"taxonomy":"post_tag","embeddable":true,"href":"https:\/\/revistapesquisa.fapesp.br\/es\/wp-json\/wp\/v2\/tags?post=103642"},{"taxonomy":"author","embeddable":true,"href":"https:\/\/revistapesquisa.fapesp.br\/es\/wp-json\/wp\/v2\/coauthors?post=103642"}],"curies":[{"name":"wp","href":"https:\/\/api.w.org\/{rel}","templated":true}]}}