{"id":103837,"date":"2009-08-01T00:00:09","date_gmt":"2009-08-01T03:00:09","guid":{"rendered":"http:\/\/revistapesquisa.fapesp.br\/?p=103837"},"modified":"2015-01-20T14:36:19","modified_gmt":"2015-01-20T16:36:19","slug":"m%c3%a1s-fr%c3%ado-en-los-andes","status":"publish","type":"post","link":"https:\/\/revistapesquisa.fapesp.br\/es\/m%c3%a1s-fr%c3%ado-en-los-andes\/","title":{"rendered":"M\u00e1s fr\u00edo en los Andes"},"content":{"rendered":"<p><img loading=\"lazy\" decoding=\"async\" class=\"alignright size-medium wp-image-103849\" title=\"\" src=\"http:\/\/revistapesquisa.fapesp.br\/wp-content\/uploads\/2013\/01\/notcont5802-300x288.jpg\" alt=\"\" width=\"300\" height=\"288\" srcset=\"https:\/\/revistapesquisa.fapesp.br\/wp-content\/uploads\/2013\/01\/notcont5802-300x288.jpg 300w, https:\/\/revistapesquisa.fapesp.br\/wp-content\/uploads\/2013\/01\/notcont5802.jpg 350w\" sizes=\"auto, (max-width: 300px) 100vw, 300px\" \/><span class=\"media-credits-inline\">PAULO ROBERTO MARTINI\/INPE<\/span>El ge\u00f3logo Paulo Roberto Martini, del Instituto Nacional de Investigaciones Espaciales (Inpe), vio lo inverso de lo que esperaba en las im\u00e1genes de sat\u00e9lite comparadas de los a\u00f1os 1970 y de \u00e9sta d\u00e9cada en las cabeceras del r\u00edo Amazonas, en los Andes peruanos: hab\u00eda menos nieve hace 30 a\u00f1os atr\u00e1s. La constataci\u00f3n indica que la altura de las monta\u00f1as donde se forma el mayor r\u00edo del mundo estar\u00eda sufriendo un enfriamiento, y no un calentamiento. Seg\u00fan datos de otras instituciones, la intensificaci\u00f3n de las variaciones clim\u00e1ticas generadas por El Ni\u00f1o y La Ni\u00f1a \u2013respectivamente, el calentamiento y enfriamiento del Pac\u00edfico ecuatorial\u2013 podr\u00eda aumentar la intensidad de las lluvias en la regi\u00f3n y, por lo tanto, la acumulaci\u00f3n de nieve. De ah\u00ed emerge una explicaci\u00f3n asociada con los cambios clim\u00e1ticos para las crecientes de los r\u00edos Solim\u00f5es y Negro, los formadores del Amazonas, que inundaron casi por completo ciudades de Amazonas y de Par\u00e1. <em>\u201c\u00bfEs posible que las inmensas nevadas de los \u00faltimos a\u00f1os se reflejen en las inundaciones en el bajo Solim\u00f5es, represando al Negro y provocando las grandes inundaciones?\u201d <\/em>indaga. Junto a su equipo, actualmente estudia ese razonamiento, que implica inundaciones todav\u00eda mayores para los pr\u00f3ximos a\u00f1os.<\/p>\n","protected":false},"excerpt":{"rendered":"M\u00e1s fr\u00edo en los Andes","protected":false},"author":6,"featured_media":0,"comment_status":"open","ping_status":"open","sticky":false,"template":"","format":"standard","meta":{"_acf_changed":false,"_exactmetrics_skip_tracking":false,"_exactmetrics_sitenote_active":false,"_exactmetrics_sitenote_note":"","_exactmetrics_sitenote_category":0,"footnotes":""},"categories":[191],"tags":[],"coauthors":[93],"class_list":["post-103837","post","type-post","status-publish","format-standard","hentry","category-tecnociencia-es-es"],"acf":[],"_links":{"self":[{"href":"https:\/\/revistapesquisa.fapesp.br\/es\/wp-json\/wp\/v2\/posts\/103837","targetHints":{"allow":["GET"]}}],"collection":[{"href":"https:\/\/revistapesquisa.fapesp.br\/es\/wp-json\/wp\/v2\/posts"}],"about":[{"href":"https:\/\/revistapesquisa.fapesp.br\/es\/wp-json\/wp\/v2\/types\/post"}],"author":[{"embeddable":true,"href":"https:\/\/revistapesquisa.fapesp.br\/es\/wp-json\/wp\/v2\/users\/6"}],"replies":[{"embeddable":true,"href":"https:\/\/revistapesquisa.fapesp.br\/es\/wp-json\/wp\/v2\/comments?post=103837"}],"version-history":[{"count":0,"href":"https:\/\/revistapesquisa.fapesp.br\/es\/wp-json\/wp\/v2\/posts\/103837\/revisions"}],"wp:attachment":[{"href":"https:\/\/revistapesquisa.fapesp.br\/es\/wp-json\/wp\/v2\/media?parent=103837"}],"wp:term":[{"taxonomy":"category","embeddable":true,"href":"https:\/\/revistapesquisa.fapesp.br\/es\/wp-json\/wp\/v2\/categories?post=103837"},{"taxonomy":"post_tag","embeddable":true,"href":"https:\/\/revistapesquisa.fapesp.br\/es\/wp-json\/wp\/v2\/tags?post=103837"},{"taxonomy":"author","embeddable":true,"href":"https:\/\/revistapesquisa.fapesp.br\/es\/wp-json\/wp\/v2\/coauthors?post=103837"}],"curies":[{"name":"wp","href":"https:\/\/api.w.org\/{rel}","templated":true}]}}