{"id":104003,"date":"2012-08-30T16:04:30","date_gmt":"2012-08-30T19:04:30","guid":{"rendered":"http:\/\/revistapesquisa.fapesp.br\/?p=104003"},"modified":"2013-01-30T16:05:30","modified_gmt":"2013-01-30T18:05:30","slug":"la-identidad-de-los-f%c3%b3siles","status":"publish","type":"post","link":"https:\/\/revistapesquisa.fapesp.br\/es\/la-identidad-de-los-f%c3%b3siles\/","title":{"rendered":"La identidad de los f\u00f3siles"},"content":{"rendered":"<div id=\"attachment_15485\" style=\"max-width: 310px\" class=\"wp-caption alignright\"><a href=\"http:\/\/revistapesquisa.fapesp.br\/wp-content\/uploads\/2012\/08\/014-017_Tecnociencia_198-info.jpg\"><img loading=\"lazy\" decoding=\"async\" class=\"size-medium wp-image-15485 \" title=\"014-017_Tecnociencia_198-info\" src=\"http:\/\/revistapesquisa.fapesp.br\/wp-content\/uploads\/2012\/08\/014-017_Tecnociencia_198-info-300x196.jpg\" alt=\"\" width=\"300\" height=\"196\" \/><span class=\"media-credits-inline\">Rafael Costa da Silva\/CPRM<\/span><\/a><p class=\"wp-caption-text\">Huellas fosilizadas de antiguos reptiles y dibujos que facilitan su identificaci\u00f3n<span class=\"media-credits\">Rafael Costa da Silva\/CPRM<\/span><\/p><\/div>\n<p>Un estudio llevado a cabo en el estado Paran\u00e1 arroj\u00f3 como resultada la casi duplicaci\u00f3n de la cantidad de especies vertebradas conocidas pertenecientes al per\u00edodo Neop\u00e9rmico\u00a0 (entre 270 y 250 millones de a\u00f1os atr\u00e1s) en Brasil. Los investigadores, liderados por el paleont\u00f3logo Rafael Costa da Silva, del Servicio Geol\u00f3gico de Brasil (CPRM), con sede en R\u00edo de Janeiro, describieron cinco nuevas especies de la paleofauna brasile\u00f1a. No obstante, Silva explica, que no descubrieron ni estudiaron esqueletos f\u00f3siles. Lo que hicieron fue un estudio descriptivo de huellas fosilizadas. \u201cEn el transcurso del estudio, notamos que las especies que produjeron las huellas no podr\u00edan ser las mismas que se conocen para esqueletos de esa edad\u201d, comenta. Las descripciones se denominan icnoespecies, pues el nombramiento basado en huellas no es reconocido para la descripci\u00f3n cient\u00edfica completa de una especie. \u201cNombramos las huellas utilizando caracter\u00edsticas morfol\u00f3gicas y compar\u00e1ndolas con otros hallazgos\u201d. El estudio se public\u00f3 en el <em>Journal of South American Earth Sciences<\/em> (octubre, 2012).<\/p>\n","protected":false},"excerpt":{"rendered":"La identidad de los f\u00f3siles","protected":false},"author":6,"featured_media":0,"comment_status":"open","ping_status":"open","sticky":false,"template":"","format":"standard","meta":{"_acf_changed":false,"_exactmetrics_skip_tracking":false,"_exactmetrics_sitenote_active":false,"_exactmetrics_sitenote_note":"","_exactmetrics_sitenote_category":0,"footnotes":""},"categories":[1670],"tags":[58,324],"coauthors":[93],"class_list":["post-104003","post","type-post","status-publish","format-standard","hentry","category-notas-es","tag-paleontologia","tag-paleontologia-es"],"acf":[],"_links":{"self":[{"href":"https:\/\/revistapesquisa.fapesp.br\/es\/wp-json\/wp\/v2\/posts\/104003","targetHints":{"allow":["GET"]}}],"collection":[{"href":"https:\/\/revistapesquisa.fapesp.br\/es\/wp-json\/wp\/v2\/posts"}],"about":[{"href":"https:\/\/revistapesquisa.fapesp.br\/es\/wp-json\/wp\/v2\/types\/post"}],"author":[{"embeddable":true,"href":"https:\/\/revistapesquisa.fapesp.br\/es\/wp-json\/wp\/v2\/users\/6"}],"replies":[{"embeddable":true,"href":"https:\/\/revistapesquisa.fapesp.br\/es\/wp-json\/wp\/v2\/comments?post=104003"}],"version-history":[{"count":0,"href":"https:\/\/revistapesquisa.fapesp.br\/es\/wp-json\/wp\/v2\/posts\/104003\/revisions"}],"wp:attachment":[{"href":"https:\/\/revistapesquisa.fapesp.br\/es\/wp-json\/wp\/v2\/media?parent=104003"}],"wp:term":[{"taxonomy":"category","embeddable":true,"href":"https:\/\/revistapesquisa.fapesp.br\/es\/wp-json\/wp\/v2\/categories?post=104003"},{"taxonomy":"post_tag","embeddable":true,"href":"https:\/\/revistapesquisa.fapesp.br\/es\/wp-json\/wp\/v2\/tags?post=104003"},{"taxonomy":"author","embeddable":true,"href":"https:\/\/revistapesquisa.fapesp.br\/es\/wp-json\/wp\/v2\/coauthors?post=104003"}],"curies":[{"name":"wp","href":"https:\/\/api.w.org\/{rel}","templated":true}]}}