{"id":104512,"date":"2010-01-01T00:00:31","date_gmt":"2010-01-01T02:00:31","guid":{"rendered":"http:\/\/revistapesquisa.fapesp.br\/?p=104512"},"modified":"2015-01-19T09:21:49","modified_gmt":"2015-01-19T11:21:49","slug":"graciliano-ramos-y-la-revista-novidade","status":"publish","type":"post","link":"https:\/\/revistapesquisa.fapesp.br\/es\/graciliano-ramos-y-la-revista-novidade\/","title":{"rendered":"Graciliano Ramos y la revista Novidade"},"content":{"rendered":"<p><img loading=\"lazy\" decoding=\"async\" class=\"alignright size-full wp-image-104519\" title=\"\" src=\"http:\/\/revistapesquisa.fapesp.br\/wp-content\/uploads\/2013\/01\/scielo21.jpg\" alt=\"\" width=\"192\" height=\"300\" \/><span class=\"media-credits-inline\">ROGATO-ACERVO IEB DA USP<\/span>El cerne del ensayo \u201cGraciliano Ramos y la revista <em>Novidade<\/em>: contra el lugar com\u00fan\u201d, de Ieda Lebensztayn, de la Universidad de S\u00e3o Paulo, es la presentaci\u00f3n del peri\u00f3dico editado en Macei\u00f3 en 1931, y tiene como horizonte comprender la formaci\u00f3n de la obra de Graciliano Ramos. El estudio de esa publicaci\u00f3n revela de qu\u00e9 manera el grupo nordestino al cual Graciliano Ramos perteneci\u00f3 se posicion\u00f3 en contra de los clich\u00e9s en arte y en pol\u00edtica. El novelista public\u00f3 en la revista el cap\u00edtulo 24 de Caet\u00e9s y las cr\u00f3nicas \u201cSertanejos\u201d, \u201cClich\u00e9s\u201d (in\u00e9ditas), \u201cMilagros\u201d y \u201cLampi\u00e3o\u201d. De acuerdo con la investigadora, a partir de esos textos, Ramos formaliz\u00f3 en toda su obra, de singular rigor est\u00e9tico y \u00e9tico, el impasse de la educaci\u00f3n y las letras en un mundo de violencia, el tema central de la revista.<\/p>\n<p><em style=\"font-size: 13px; line-height: 19px;\">Estudos Avan\u00e7ados<\/em><span style=\"font-size: 13px; line-height: 19px;\">\u2013\u00a0Tomo 23\u00a0\u2013 n\u00ba 67\u00a0\u2013 S\u00e3o Paulo\u00a0\u2013\u00a02009<\/span><\/p>\n<p>&nbsp;<\/p>\n","protected":false},"excerpt":{"rendered":"Graciliano Ramos y la revista Novidade ","protected":false},"author":6,"featured_media":0,"comment_status":"open","ping_status":"open","sticky":false,"template":"","format":"standard","meta":{"_acf_changed":false,"_exactmetrics_skip_tracking":false,"_exactmetrics_sitenote_active":false,"_exactmetrics_sitenote_note":"","_exactmetrics_sitenote_category":0,"footnotes":""},"categories":[342],"tags":[],"coauthors":[93],"class_list":["post-104512","post","type-post","status-publish","format-standard","hentry","category-scielo-es"],"acf":[],"_links":{"self":[{"href":"https:\/\/revistapesquisa.fapesp.br\/es\/wp-json\/wp\/v2\/posts\/104512","targetHints":{"allow":["GET"]}}],"collection":[{"href":"https:\/\/revistapesquisa.fapesp.br\/es\/wp-json\/wp\/v2\/posts"}],"about":[{"href":"https:\/\/revistapesquisa.fapesp.br\/es\/wp-json\/wp\/v2\/types\/post"}],"author":[{"embeddable":true,"href":"https:\/\/revistapesquisa.fapesp.br\/es\/wp-json\/wp\/v2\/users\/6"}],"replies":[{"embeddable":true,"href":"https:\/\/revistapesquisa.fapesp.br\/es\/wp-json\/wp\/v2\/comments?post=104512"}],"version-history":[{"count":0,"href":"https:\/\/revistapesquisa.fapesp.br\/es\/wp-json\/wp\/v2\/posts\/104512\/revisions"}],"wp:attachment":[{"href":"https:\/\/revistapesquisa.fapesp.br\/es\/wp-json\/wp\/v2\/media?parent=104512"}],"wp:term":[{"taxonomy":"category","embeddable":true,"href":"https:\/\/revistapesquisa.fapesp.br\/es\/wp-json\/wp\/v2\/categories?post=104512"},{"taxonomy":"post_tag","embeddable":true,"href":"https:\/\/revistapesquisa.fapesp.br\/es\/wp-json\/wp\/v2\/tags?post=104512"},{"taxonomy":"author","embeddable":true,"href":"https:\/\/revistapesquisa.fapesp.br\/es\/wp-json\/wp\/v2\/coauthors?post=104512"}],"curies":[{"name":"wp","href":"https:\/\/api.w.org\/{rel}","templated":true}]}}