{"id":104674,"date":"2009-09-01T00:00:14","date_gmt":"2009-09-01T03:00:14","guid":{"rendered":"http:\/\/revistapesquisa.fapesp.br\/?p=104674"},"modified":"2015-01-16T16:09:03","modified_gmt":"2015-01-16T18:09:03","slug":"los-efectos-del-11-de-septiembre","status":"publish","type":"post","link":"https:\/\/revistapesquisa.fapesp.br\/es\/los-efectos-del-11-de-septiembre\/","title":{"rendered":"Los efectos del 11 de Septiembre"},"content":{"rendered":"<p>Los atentados terroristas del 11 de septiembre de 2001 aceleraron el desarrollo de una arquitectura transnacional de seguridad que interfiere profundamente con las libertades civiles individuales, tanto en los derechos b\u00e1sicos de los ciudadanos de los Estados como en los derechos humanos de los ciudadanos mundiales. El art\u00edculo \u201cLos ciudadanos mundiales, entre la libertad y la seguridad\u201d, de Klaus G\u00fcnther, de la Universidad J. W. Goethe, en Alemania, esboza esa arquitectura, revela c\u00f3mo la misma disuelve las categor\u00edas jur\u00eddicas tradicionales que preservan la libertad y discute por qu\u00e9 actualmente se acepta ampliamente la prioridad de la seguridad sobre la libertad.<\/p>\n<p><em>Novos Estudos<\/em> \u2013 Cebrap\u00a0\u2013\u00a0n\u00ba 83\u00a0\u2013 S\u00e3o Paulo\u00a0\u2013 Marzo de\u00a02009<\/p>\n","protected":false},"excerpt":{"rendered":"Los efectos del 11 de Septiembre","protected":false},"author":6,"featured_media":0,"comment_status":"open","ping_status":"open","sticky":false,"template":"","format":"standard","meta":{"_acf_changed":false,"_exactmetrics_skip_tracking":false,"_exactmetrics_sitenote_active":false,"_exactmetrics_sitenote_note":"","_exactmetrics_sitenote_category":0,"footnotes":""},"categories":[342],"tags":[],"coauthors":[93],"class_list":["post-104674","post","type-post","status-publish","format-standard","hentry","category-scielo-es"],"acf":[],"_links":{"self":[{"href":"https:\/\/revistapesquisa.fapesp.br\/es\/wp-json\/wp\/v2\/posts\/104674","targetHints":{"allow":["GET"]}}],"collection":[{"href":"https:\/\/revistapesquisa.fapesp.br\/es\/wp-json\/wp\/v2\/posts"}],"about":[{"href":"https:\/\/revistapesquisa.fapesp.br\/es\/wp-json\/wp\/v2\/types\/post"}],"author":[{"embeddable":true,"href":"https:\/\/revistapesquisa.fapesp.br\/es\/wp-json\/wp\/v2\/users\/6"}],"replies":[{"embeddable":true,"href":"https:\/\/revistapesquisa.fapesp.br\/es\/wp-json\/wp\/v2\/comments?post=104674"}],"version-history":[{"count":0,"href":"https:\/\/revistapesquisa.fapesp.br\/es\/wp-json\/wp\/v2\/posts\/104674\/revisions"}],"wp:attachment":[{"href":"https:\/\/revistapesquisa.fapesp.br\/es\/wp-json\/wp\/v2\/media?parent=104674"}],"wp:term":[{"taxonomy":"category","embeddable":true,"href":"https:\/\/revistapesquisa.fapesp.br\/es\/wp-json\/wp\/v2\/categories?post=104674"},{"taxonomy":"post_tag","embeddable":true,"href":"https:\/\/revistapesquisa.fapesp.br\/es\/wp-json\/wp\/v2\/tags?post=104674"},{"taxonomy":"author","embeddable":true,"href":"https:\/\/revistapesquisa.fapesp.br\/es\/wp-json\/wp\/v2\/coauthors?post=104674"}],"curies":[{"name":"wp","href":"https:\/\/api.w.org\/{rel}","templated":true}]}}