{"id":104679,"date":"2009-09-01T00:00:15","date_gmt":"2009-09-01T03:00:15","guid":{"rendered":"http:\/\/revistapesquisa.fapesp.br\/?p=104679"},"modified":"2015-05-08T14:47:02","modified_gmt":"2015-05-08T17:47:02","slug":"remedios-para-ni%c3%b1os","status":"publish","type":"post","link":"https:\/\/revistapesquisa.fapesp.br\/es\/remedios-para-ni%c3%b1os\/","title":{"rendered":"Remedios para ni\u00f1os"},"content":{"rendered":"<p>La raz\u00f3n del estudio intitulado \u201cCarencia de preparados medicamentosos para uso infantil en Brasil\u201d, de Patr\u00edcia Quirino da Costa, Luis C. Rey y Helena Lut\u00e9scia L. Coelho, de la Universidad Federal de Cear\u00e1, fue la identificaci\u00f3n de medicamentos que presentan dificultades para su uso pedi\u00e1trico en Brasil. Se estudi\u00f3 de manera descriptiva la composici\u00f3n de un listado nacional de medicamentos sin licencia o no catalogados para uso pedi\u00e1trico (medicamentos problema en pediatr\u00eda, MPP), con base en una revisi\u00f3n bibliogr\u00e1fica, comparaci\u00f3n con fuentes del mercado farmac\u00e9utico brasile\u00f1o y averiguaci\u00f3n con pediatras. Los medicamentos fueron codificados por su clasificaci\u00f3n anat\u00f3mica, terap\u00e9utica y qu\u00edmica, y analizados en cuanto a su licencia en el pa\u00eds y su indicaci\u00f3n en pediatr\u00eda. Se identificaron en el estudio 126 MPP y se excluyeron 24 no referidos en las fuentes nacionales investigadas. El listado se complet\u00f3 con otros 24 medicamentos referidos por los pediatras. Del total de 126 MPP, 23 no se hallaban registrados en el pa\u00eds para uso pedi\u00e1trico y 24 de los 103 licenciados presentaban restricciones de franja etaria. La lista abarc\u00f3 42 grupos terap\u00e9uticos y 68 subgrupos. Los grupos con mayor n\u00famero de MPP fueron los antibacterianos de uso sist\u00e9mico (15), antiepil\u00e9pticos (8), antiasm\u00e1ticos (7) y analg\u00e9sicos (7). Los problemas m\u00e1s frecuentes fueron: dosificaci\u00f3n inapropiada (43), f\u00f3rmula farmac\u00e9utica inadecuada (35), sin licencia para uso pedi\u00e1trico (28), restricciones de franja etaria (23). La carencia de medicamentos desarrollados para uso en ni\u00f1os engloba una amplia gama de productos cl\u00ednicamente importantes. Algunas de esas formulaciones y dosificaciones ya comercializadas en otros pa\u00edses no se hallan disponibles en el mercado brasile\u00f1o sin ninguna justificaci\u00f3n admisible.<\/p>\n<p><em>Jornal de Pediatria<\/em> \u2013 Tomo 85\u00a0\u2013 n\u00ba 3\u00a0\u2013 Porto Alegre\u00a0\u2013 Mayo \/ Junio de\u00a02009<\/p>\n","protected":false},"excerpt":{"rendered":"Remedios para ni\u00f1os","protected":false},"author":6,"featured_media":0,"comment_status":"open","ping_status":"open","sticky":false,"template":"","format":"standard","meta":{"_acf_changed":false,"_exactmetrics_skip_tracking":false,"_exactmetrics_sitenote_active":false,"_exactmetrics_sitenote_note":"","_exactmetrics_sitenote_category":0,"footnotes":""},"categories":[342],"tags":[],"coauthors":[93],"class_list":["post-104679","post","type-post","status-publish","format-standard","hentry","category-scielo-es"],"acf":[],"_links":{"self":[{"href":"https:\/\/revistapesquisa.fapesp.br\/es\/wp-json\/wp\/v2\/posts\/104679","targetHints":{"allow":["GET"]}}],"collection":[{"href":"https:\/\/revistapesquisa.fapesp.br\/es\/wp-json\/wp\/v2\/posts"}],"about":[{"href":"https:\/\/revistapesquisa.fapesp.br\/es\/wp-json\/wp\/v2\/types\/post"}],"author":[{"embeddable":true,"href":"https:\/\/revistapesquisa.fapesp.br\/es\/wp-json\/wp\/v2\/users\/6"}],"replies":[{"embeddable":true,"href":"https:\/\/revistapesquisa.fapesp.br\/es\/wp-json\/wp\/v2\/comments?post=104679"}],"version-history":[{"count":0,"href":"https:\/\/revistapesquisa.fapesp.br\/es\/wp-json\/wp\/v2\/posts\/104679\/revisions"}],"wp:attachment":[{"href":"https:\/\/revistapesquisa.fapesp.br\/es\/wp-json\/wp\/v2\/media?parent=104679"}],"wp:term":[{"taxonomy":"category","embeddable":true,"href":"https:\/\/revistapesquisa.fapesp.br\/es\/wp-json\/wp\/v2\/categories?post=104679"},{"taxonomy":"post_tag","embeddable":true,"href":"https:\/\/revistapesquisa.fapesp.br\/es\/wp-json\/wp\/v2\/tags?post=104679"},{"taxonomy":"author","embeddable":true,"href":"https:\/\/revistapesquisa.fapesp.br\/es\/wp-json\/wp\/v2\/coauthors?post=104679"}],"curies":[{"name":"wp","href":"https:\/\/api.w.org\/{rel}","templated":true}]}}