{"id":105255,"date":"2013-02-05T16:21:26","date_gmt":"2013-02-05T18:21:26","guid":{"rendered":"http:\/\/revistapesquisa.fapesp.br\/?p=105255"},"modified":"2017-03-01T13:50:14","modified_gmt":"2017-03-01T16:50:14","slug":"peque%c3%b1as-soluciones","status":"publish","type":"post","link":"https:\/\/revistapesquisa.fapesp.br\/es\/peque%c3%b1as-soluciones\/","title":{"rendered":"Peque\u00f1as soluciones"},"content":{"rendered":"<div id=\"attachment_105261\" style=\"max-width: 300px\" class=\"wp-caption alignright\"><img loading=\"lazy\" decoding=\"async\" class=\"size-full wp-image-105261\" title=\"\" src=\"http:\/\/revistapesquisa.fapesp.br\/wp-content\/uploads\/2013\/02\/072-73_nanofonica_194-1.jpg\" alt=\"\" width=\"290\" height=\"227\" \/><p class=\"wp-caption-text\"><span class=\"media-credits-inline\">Marcelo Gouveia\/ lafe-Unicamp<\/span>Filtro \u00f3ptico: anillo formado por una microfibra de 3 micrones de di\u00e1metro<span class=\"media-credits\">Marcelo Gouveia\/ lafe-Unicamp<\/span><\/p><\/div>\n<p>La tendencia de las tecnolog\u00edas de la informaci\u00f3n apunta una constante miniaturizaci\u00f3n. Esta evoluci\u00f3n se dirige, entre otros caminos, hacia circuitos totalmente \u00f3pticos. En \u00e9stos, los <em>chips<\/em> podr\u00e1n comunicarse sin necesitar m\u00e1s que las ondas luminosas de los l\u00e1seres. Entre los aspirantes a formar parte de estas futuras conexiones se encuentran las microfibras y nanofibras \u00f3pticas, que dejar\u00edan atr\u00e1s a los electrones de los circuitos electr\u00f3nicos de las actuales computadoras. Son dispositivos que se encuentran en estudio desde 2009 en el Laboratorio de Fibras Especiales (LaFE) del Instituto de F\u00edsica Gleb Wataghin (IFGW) de la Universidad Estadual de Campinas (Unicamp).<\/p>\n<p>Los primeros resultados han empezado a aparecer y se encuadran en el \u00e1mbito de la nanofot\u00f3nica, una nueva \u00e1rea que comprende la transmisi\u00f3n de la informaci\u00f3n mediante ondas luminosas en equipos de tama\u00f1os microsc\u00f3picos, mucho menores que los actuales. \u201cSer\u00edan las comunicaciones de luz a luz en las cuales circuitos nanom\u00e9tricos har\u00edan el procesamiento y la transmisi\u00f3n de datos\u201d, dice el profesor Cristiano Monteiro de Barros Cordeiro, coordinador del LaFE. Este laboratorio forma parte del Centro de Investigaci\u00f3n en \u00d3ptica y Fot\u00f3nica (CePOF) de Campinas, financiado por la FAPESP en el marco del programa de Centros de Investigaci\u00f3n, Innovaci\u00f3n y Difusi\u00f3n (Cepid), coordinado por el profesor Hugo Fragnito.<\/p>\n<p>Lo que se estudia en el IFGW, que forma parte tambi\u00e9n del Instituto Nacional de Ciencia y Tecnolog\u00eda de Fot\u00f3nica de Comunicaciones \u00d3pticas (Fotonicom), son dispositivos de alrededor de 10 cent\u00edmetros de longitud y entre 10 micrones (1 micr\u00f3n equivale a la mil\u00e9sima parte de 1 mil\u00edmetro) y 200 nan\u00f3metros (1 nan\u00f3metro es la millon\u00e9sima parte de un mil\u00edmetro) de di\u00e1metro. La dimensi\u00f3n de los mismos es hasta 500 veces menor que el di\u00e1metro de un cabello. Las fibras comerciales que se encuentran instaladas en las grandes ciudades y en los cables submarinos, por ejemplo, que permiten el funcionamiento de internet y de la telefon\u00eda, son de 8 micrones de di\u00e1metro en su interior, por donde pasa la luz, y una capa de s\u00edlice (tambi\u00e9n llamado vidrio) de 125 micrones de di\u00e1metro, adem\u00e1s de muchos kil\u00f3metros de extensi\u00f3n.<\/p>\n<div id=\"attachment_217988\" style=\"max-width: 300px\" class=\"wp-caption alignleft\"><img loading=\"lazy\" decoding=\"async\" class=\"size-full wp-image-217988\" src=\"http:\/\/revistapesquisa.fapesp.br\/wp-content\/uploads\/2013\/02\/072-73_nanofonica_194-2-1.jpg\" alt=\"Aparato empleado\u2028para producir las microfibras y nanofibras en la Unicamp \" width=\"290\" height=\"218\" \/><p class=\"wp-caption-text\"><span class=\"media-credits-inline\">Claudecir Biazoli\/ lafe-Unicamp<\/span>Aparato empleado\u2028para producir las microfibras y nanofibras en la Unicamp<span class=\"media-credits\">Claudecir Biazoli\/ lafe-Unicamp<\/span><\/p><\/div>\n<p>Entre las ventajas operativas de las nuevas fibras se encuentra el menor consumo de energ\u00eda, con menos calentamiento del sistema, y capacidad de transmisi\u00f3n de datos mayor que los circuitos electr\u00f3nicos actuales. Las otras ventajas de estas diminutas fibras son su delgadez y su buena flexibilidad, que las capacitan para integrar un sistema \u00f3ptico completo dentro de una computadora. La gran curiosidad es que algunas de \u00e9stas, con di\u00e1metro de 1 micr\u00f3n, son menores que la longitud de onda de los haces de l\u00e1ser t\u00edpicos, de 1 micr\u00f3n y medio, empleados en las comunicaciones \u00f3pticas. Por tal motivo, parte de la luz queda del lado de afuera de la pared de la fibra, pero la onda luminosa acompa\u00f1a a lo largo del dispositivo. Al mover la fibra de un lado a otro, la luz la sigue. \u201cSi esa parte de luz que queda afuera puede ayudar u obstaculizar en las interconexiones \u00f3pticas futuras, es una cuesti\u00f3n que ha quedado abierta para todos los grupos mundiales que estudian estas fibras\u201d, dice el profesor Cristiano. Entre esos grupos se encuentran la Universidad de Southampton, en el Reino Unido, y la OFS Laboratories, ligada a la empresa Furukawa.<\/p>\n<p>Estas micro y nanofibras tambi\u00e9n est\u00e1n siendo estudiadas desde la perspectiva de su uso en sensores, en la detecci\u00f3n de gases y en monitoreo qu\u00edmico y biol\u00f3gico. Un ejemplo de ello ser\u00eda la detecci\u00f3n de agua contaminada con la bacteria <em>Escherichia coli<\/em>. \u201cEs posible darles a las fibras la funci\u00f3n de detectar la presencia de la bacteria, mediante una alteraci\u00f3n en la transmisi\u00f3n de la luz y la consiguiente identificaci\u00f3n del microorganismo\u201d, dice\u00a0 Cristiano. Su equipo, en el marco de un experimento llevado a cabo en los laboratorios del IFGW, manipul\u00f3 bacterias y levaduras en medio l\u00edquido. Lograron seleccionar o hacer estacionar sobre una microfibra de 500 nan\u00f3metros de di\u00e1metro un grupo de bacterias. Este tipo de experimento podr\u00eda ser \u00fatil en estudios sobre anticuerpos de esa especie de microorganismo.<\/p>\n<p>Otra funcionalidad sensorial de las fibras ha redundado en un dep\u00f3sito de patente en el Instituto Nacional de la Propiedad Industrial (INPI) a finales de 2011. El grupo logr\u00f3 producir una fibra 50 veces m\u00e1s sensible a la tracci\u00f3n mec\u00e1nica que las destinadas al uso en la construcci\u00f3n civil. Se las pega a lo largo de estructuras tales como puentes para medir, mediante la alteraci\u00f3n de la luz, la deformaci\u00f3n de la estructura al paso de un cami\u00f3n, por ejemplo.<\/p>\n<p>Espec\u00edficamente en el campo de las comunicaciones \u00f3pticas, los investigadores lograron crear un filtro \u00f3ptico bajo la forma de un anillo con una fibra de 3 micrones de di\u00e1metro que deja pasar solamente una determinada longitud de onda. La producci\u00f3n en laboratorio de estos dispositivos con caracter\u00edsticas propias se lleva a cabo mediante el calentamiento y el estiramiento de las fibras comerciales. \u201cEs como calentar una tanza de pesca y tirar de cada lado de manera controlada hasta lograr un espesor nanom\u00e9trico\u201d, explica Cristiano.<\/p>\n<p><strong>El Proyecto<br \/>\n1.<\/strong> Centro de Investigaci\u00f3n en \u00d3ptica y Fot\u00f3nica (CePOF) de Campinas (<a href=\"http:\/\/www.bv.fapesp.br\/pt\/auxilios\/29435\/centro-de-pesquisa-em-optica-e-fotonica-unicamp-cepof-unicamp\/\" target=\"_blank\">n\u00ba 2005\/51689-2<\/a>);\u00a0<strong>Modalidad\u00a0<\/strong>Centros de Investigaci\u00f3n, Innovaci\u00f3n y Difusi\u00f3n (Cepid);\u00a0<strong>Coordinador<\/strong>\u00a0Hugo Fragnito \u2013 Unicamp;\u00a0<strong>Inversi\u00f3n<br \/>\n<\/strong>R$ 1 mill\u00f3n por a\u00f1o para todo o CePOF (FAPESP)<br \/>\n<strong>2.<\/strong> Fot\u00f3nica para comunicaciones \u00f3pticas &#8211; INCT (<a href=\"http:\/\/www.bv.fapesp.br\/pt\/auxilios\/5341\/fotonica-para-comunicacoes-opticas\/\" target=\"_blank\">n\u00ba 2008\/57857-2<\/a>); <strong>Modalidad\u00a0<\/strong>Proyecto Tem\u00e1tico;\u00a0<strong>Coordinador\u00a0<\/strong>Hugo Fragnito \u2013Unicamp;\u00a0<strong>Inversi\u00f3n\u00a0<\/strong>R$ 1.021.698,99 y US$ 1.027.935,95 (FAPESP y CNPq)<\/p>\n","protected":false},"excerpt":{"rendered":"Nanofibras \u00f3pticas para la transmisi\u00f3n de informaci\u00f3n v\u00eda ondas luminosas ","protected":false},"author":10,"featured_media":0,"comment_status":"open","ping_status":"open","sticky":false,"template":"","format":"standard","meta":{"_acf_changed":false,"_exactmetrics_skip_tracking":false,"_exactmetrics_sitenote_active":false,"_exactmetrics_sitenote_note":"","_exactmetrics_sitenote_category":0,"footnotes":""},"categories":[192],"tags":[1255],"coauthors":[97],"class_list":["post-105255","post","type-post","status-publish","format-standard","hentry","category-tecnologia-es","tag-nanotecnologia-es"],"acf":[],"_links":{"self":[{"href":"https:\/\/revistapesquisa.fapesp.br\/es\/wp-json\/wp\/v2\/posts\/105255","targetHints":{"allow":["GET"]}}],"collection":[{"href":"https:\/\/revistapesquisa.fapesp.br\/es\/wp-json\/wp\/v2\/posts"}],"about":[{"href":"https:\/\/revistapesquisa.fapesp.br\/es\/wp-json\/wp\/v2\/types\/post"}],"author":[{"embeddable":true,"href":"https:\/\/revistapesquisa.fapesp.br\/es\/wp-json\/wp\/v2\/users\/10"}],"replies":[{"embeddable":true,"href":"https:\/\/revistapesquisa.fapesp.br\/es\/wp-json\/wp\/v2\/comments?post=105255"}],"version-history":[{"count":0,"href":"https:\/\/revistapesquisa.fapesp.br\/es\/wp-json\/wp\/v2\/posts\/105255\/revisions"}],"wp:attachment":[{"href":"https:\/\/revistapesquisa.fapesp.br\/es\/wp-json\/wp\/v2\/media?parent=105255"}],"wp:term":[{"taxonomy":"category","embeddable":true,"href":"https:\/\/revistapesquisa.fapesp.br\/es\/wp-json\/wp\/v2\/categories?post=105255"},{"taxonomy":"post_tag","embeddable":true,"href":"https:\/\/revistapesquisa.fapesp.br\/es\/wp-json\/wp\/v2\/tags?post=105255"},{"taxonomy":"author","embeddable":true,"href":"https:\/\/revistapesquisa.fapesp.br\/es\/wp-json\/wp\/v2\/coauthors?post=105255"}],"curies":[{"name":"wp","href":"https:\/\/api.w.org\/{rel}","templated":true}]}}