{"id":107436,"date":"2013-03-01T15:45:03","date_gmt":"2013-03-01T18:45:03","guid":{"rendered":"http:\/\/revistapesquisa.fapesp.br\/?p=107436"},"modified":"2013-03-01T15:45:03","modified_gmt":"2013-03-01T18:45:03","slug":"la-fapesp-y-la-ciudadan%c3%ada","status":"publish","type":"post","link":"https:\/\/revistapesquisa.fapesp.br\/es\/la-fapesp-y-la-ciudadan%c3%ada\/","title":{"rendered":"La FAPESP y la ciudadan\u00eda"},"content":{"rendered":"<p>El presidente de la FAPESP, Celso Lafer, fue uno de los ganadores de la 17\u00aa edici\u00f3n del Premio PNBE de Ciudadan\u00eda, concedido por Pensamiento Nacional de Bases Empresariales (PNBE) a los \u201cciudadanos y entidades que practicaron acciones significativas y que constituyen ejemplos nacionales de comportamiento ciudadano\u201d. El premio, cuya ceremonia de entrega que se realiz\u00f3 en la noche del 25 de mayo en S\u00e3o Paulo, tiene como base el Proyecto Brasil 2022 \u201cDel Brasil que tenemos al Brasil que queremos\u201d, lanzado en 2003 por la entidad. Docente titular de la Facultad de Derecho de la Universidad de S\u00e3o Paulo (USP), miembro de las academias brasile\u00f1as de Ciencias (ABC) y de Letras (ABL), empresario, ex ministro de Relaciones Exteriores (en 1992 y 2001-2002) y de Desarrollo (1999), Lafer fue homenajeado en la categor\u00eda Empresario Emprendedor, en la condici\u00f3n de presidente de la FAPESP, cargo que asumi\u00f3 en agosto de 2007. Lafer destac\u00f3 los reflejos del trabajo de la Fundaci\u00f3n en la promoci\u00f3n de la ciudadan\u00eda. \u201cLa FAPESP ejerce un rol fundamental en la formaci\u00f3n de recursos humanos, ofertando becas desde la iniciaci\u00f3n cient\u00edfica hasta el posdoctorado. Estas personas que se califican con las becas de la FAPESP pasan a ser personas que pueden, debido a su conocimiento, contribuir para con el desarrollo y la responsabilidad social y pol\u00edtica en nuestro estado y en nuestro pa\u00eds\u201d, afirm\u00f3, resaltando otras dos dimensiones importantes de las actividades de la FAPESP. Una es el apoyo a la investigaci\u00f3n cient\u00edfica. \u201cEl conocimiento y la innovaci\u00f3n son los medios por los cuales ampliamos dicha capacidad y as\u00ed expandimos el horizonte de la ciudadan\u00eda\u201d, afirm\u00f3. La segunda corresponde a los programas estructurados que la Fundaci\u00f3n cre\u00f3, como el Genoma-FAPESP, el de bioenerg\u00eda (Bioen) o el de la biodiversidad paulista (Biota) y el de cambios clim\u00e1ticos. \u201cTales programas cumplen un papel social relevante, pues el conocimiento que producen sirve y servir\u00e1 de base en la formulaci\u00f3n de pol\u00edticas p\u00fablicas\u201d, dijo Celso Lafer.<\/p>\n<p>&nbsp;<\/p>\n","protected":false},"excerpt":{"rendered":"La FAPESP y la ciudadan\u00eda","protected":false},"author":127,"featured_media":0,"comment_status":"closed","ping_status":"closed","sticky":false,"template":"","format":"standard","meta":{"_acf_changed":false,"_exactmetrics_skip_tracking":false,"_exactmetrics_sitenote_active":false,"_exactmetrics_sitenote_note":"","_exactmetrics_sitenote_category":0,"footnotes":""},"categories":[184],"tags":[],"coauthors":[437],"class_list":["post-107436","post","type-post","status-publish","format-standard","hentry","category-estrategias-es"],"acf":[],"_links":{"self":[{"href":"https:\/\/revistapesquisa.fapesp.br\/es\/wp-json\/wp\/v2\/posts\/107436","targetHints":{"allow":["GET"]}}],"collection":[{"href":"https:\/\/revistapesquisa.fapesp.br\/es\/wp-json\/wp\/v2\/posts"}],"about":[{"href":"https:\/\/revistapesquisa.fapesp.br\/es\/wp-json\/wp\/v2\/types\/post"}],"author":[{"embeddable":true,"href":"https:\/\/revistapesquisa.fapesp.br\/es\/wp-json\/wp\/v2\/users\/127"}],"replies":[{"embeddable":true,"href":"https:\/\/revistapesquisa.fapesp.br\/es\/wp-json\/wp\/v2\/comments?post=107436"}],"version-history":[{"count":0,"href":"https:\/\/revistapesquisa.fapesp.br\/es\/wp-json\/wp\/v2\/posts\/107436\/revisions"}],"wp:attachment":[{"href":"https:\/\/revistapesquisa.fapesp.br\/es\/wp-json\/wp\/v2\/media?parent=107436"}],"wp:term":[{"taxonomy":"category","embeddable":true,"href":"https:\/\/revistapesquisa.fapesp.br\/es\/wp-json\/wp\/v2\/categories?post=107436"},{"taxonomy":"post_tag","embeddable":true,"href":"https:\/\/revistapesquisa.fapesp.br\/es\/wp-json\/wp\/v2\/tags?post=107436"},{"taxonomy":"author","embeddable":true,"href":"https:\/\/revistapesquisa.fapesp.br\/es\/wp-json\/wp\/v2\/coauthors?post=107436"}],"curies":[{"name":"wp","href":"https:\/\/api.w.org\/{rel}","templated":true}]}}