{"id":107440,"date":"2013-03-01T15:48:42","date_gmt":"2013-03-01T18:48:42","guid":{"rendered":"http:\/\/revistapesquisa.fapesp.br\/?p=107440"},"modified":"2013-03-01T15:48:42","modified_gmt":"2013-03-01T18:48:42","slug":"la-protecci%c3%b3n-de-la-sabana-paulista","status":"publish","type":"post","link":"https:\/\/revistapesquisa.fapesp.br\/es\/la-protecci%c3%b3n-de-la-sabana-paulista\/","title":{"rendered":"La protecci\u00f3n de la sabana paulista"},"content":{"rendered":"<p>La Legislatura del Estado de S\u00e3o Paulo aprob\u00f3 la Ley de Protecci\u00f3n del Cerrado, la primera medida legal de un estado para este tipo de bioma en Brasil. As\u00ed entran en vigor en S\u00e3o Paulo criterios m\u00e1s severos que el del C\u00f3digo Forestal Brasile\u00f1o en lo que ata\u00f1e a la utilizaci\u00f3n y preservaci\u00f3n del Cerrado [la sabana], tales como la prohibici\u00f3n de cualquier tipo de intervenci\u00f3n en \u00e1reas del llamado \u2018Cerrad\u00e3o\u2019, por ejemplo, donde la vegetaci\u00f3n cubre m\u00e1s del 90% del suelo. Este bioma cubr\u00eda el 14% del territorio paulista, pero hoy en d\u00eda dicho \u00edndice ha ca\u00eddo al 0,84%. \u201cEsta ley constituye una excelente iniciativa\u201d, dice Carlos Alfredo Joly, profesor de la Unicamp y coordinador del Programa de Investigaciones en Caracterizaci\u00f3n, Conservaci\u00f3n y Uso Sostenible de la Biodiversidad do Estado de S\u00e3o Paulo (Biota-FAPESP). \u201cAl margen de ser muy poco, lo que resta est\u00e1 altamente fragmentado en m\u00e1s de 8.500 peque\u00f1os remanentes que, en su mayor\u00eda, han perdido la capacidad de conservar la fauna de los grandes mam\u00edferos, como el oso hormiguero gigante, el venado de las pampas y el aguar\u00e1 guaz\u00fa\u201d, afirma. La informaci\u00f3n t\u00e9cnica sobre la composici\u00f3n flor\u00edstica y el status de conservaci\u00f3n de los remanentes de sabana paulista se gener\u00f3 en el marco del Inventario Forestal de la Vegetaci\u00f3n Aut\u00f3ctona del Estado, elaborado por el Instituto Forestal (IF) en asociaci\u00f3n con el Programa Biota-FAPESP, y los resultados del Proyecto Tem\u00e1tico intitulado <em>Factibilidad de conservaci\u00f3n de los remanentes de Cerrado del estado de S\u00e3o Paulo<\/em>, coordinado por las investigadoras Marisa Bittencourt, de la USP, y Giselda Durigan, del IF.<\/p>\n","protected":false},"excerpt":{"rendered":"La protecci\u00f3n de la sabana paulista","protected":false},"author":127,"featured_media":0,"comment_status":"closed","ping_status":"closed","sticky":false,"template":"","format":"standard","meta":{"_acf_changed":false,"_exactmetrics_skip_tracking":false,"_exactmetrics_sitenote_active":false,"_exactmetrics_sitenote_note":"","_exactmetrics_sitenote_category":0,"footnotes":""},"categories":[184],"tags":[],"coauthors":[437],"class_list":["post-107440","post","type-post","status-publish","format-standard","hentry","category-estrategias-es"],"acf":[],"_links":{"self":[{"href":"https:\/\/revistapesquisa.fapesp.br\/es\/wp-json\/wp\/v2\/posts\/107440","targetHints":{"allow":["GET"]}}],"collection":[{"href":"https:\/\/revistapesquisa.fapesp.br\/es\/wp-json\/wp\/v2\/posts"}],"about":[{"href":"https:\/\/revistapesquisa.fapesp.br\/es\/wp-json\/wp\/v2\/types\/post"}],"author":[{"embeddable":true,"href":"https:\/\/revistapesquisa.fapesp.br\/es\/wp-json\/wp\/v2\/users\/127"}],"replies":[{"embeddable":true,"href":"https:\/\/revistapesquisa.fapesp.br\/es\/wp-json\/wp\/v2\/comments?post=107440"}],"version-history":[{"count":0,"href":"https:\/\/revistapesquisa.fapesp.br\/es\/wp-json\/wp\/v2\/posts\/107440\/revisions"}],"wp:attachment":[{"href":"https:\/\/revistapesquisa.fapesp.br\/es\/wp-json\/wp\/v2\/media?parent=107440"}],"wp:term":[{"taxonomy":"category","embeddable":true,"href":"https:\/\/revistapesquisa.fapesp.br\/es\/wp-json\/wp\/v2\/categories?post=107440"},{"taxonomy":"post_tag","embeddable":true,"href":"https:\/\/revistapesquisa.fapesp.br\/es\/wp-json\/wp\/v2\/tags?post=107440"},{"taxonomy":"author","embeddable":true,"href":"https:\/\/revistapesquisa.fapesp.br\/es\/wp-json\/wp\/v2\/coauthors?post=107440"}],"curies":[{"name":"wp","href":"https:\/\/api.w.org\/{rel}","templated":true}]}}