{"id":107463,"date":"2013-03-01T16:12:22","date_gmt":"2013-03-01T19:12:22","guid":{"rendered":"http:\/\/revistapesquisa.fapesp.br\/?p=107463"},"modified":"2013-03-01T16:12:22","modified_gmt":"2013-03-01T19:12:22","slug":"los-intelectuales-y-1964","status":"publish","type":"post","link":"https:\/\/revistapesquisa.fapesp.br\/es\/los-intelectuales-y-1964\/","title":{"rendered":"Los intelectuales y 1964"},"content":{"rendered":"<p>El estudio que lleva por t\u00edtulo \u201cEl movimiento civil-militar de 1964 y los intelectuales\u201d, de Jos\u00e9 Lu\u00eds Sanfelice, de la Universidad Estadual de Campinas, desea captar en el movimiento de la historia, en una coyuntura determinada, tensiones que opusieron a diferentes sujetos sociales de los a\u00f1os de 1970 no Brasil. En uno de los polos se ubica el pensamiento expresado por los primeros gobernantes del movimiento civil-militar que ocuparon el aparato de Estado en 1964. Humberto Castelo Branco, presidente de la Rep\u00fablica, Fl\u00e1vio Suplicy de Lacerda, ministro de Educaci\u00f3n y Cultura, y Raymundo Moniz de Arag\u00e3o, con sus pronunciamientos en el V Foro Universitario, se encargan de transmitir el pensamiento del gobierno a la sociedad. Posteriormente, en un corto espacio de tiempo, los reflejos aparecer\u00edan en el aparato legal de la reforma universitaria consentida. El contrapunto a la visi\u00f3n oficial se encuentra, para los fines de este trabajo, en un texto de la \u00e9poca de autor\u00eda de Florestan Fernandes y que result\u00f3 de la conferencia dictada en la apertura del I Foro Docente, realizado en R\u00edo de Janeiro en 1968. Se espera que, analizando el conflicto ideol\u00f3gico, se logre una comprensi\u00f3n cr\u00edtica mejor del movimiento civil-militar de 1964 y de sus relaciones con diferentes intelectuales.<\/p>\n<p>Cadernos Cedes\u00a0\u2013 Tomo 28\u00a0\u2013 n\u00ba 76\u00a0\u2013 Campinas\u00a0\u2013 sep.\/dic.\u00a02008<\/p>\n","protected":false},"excerpt":{"rendered":"Los intelectuales y 1964","protected":false},"author":127,"featured_media":0,"comment_status":"closed","ping_status":"closed","sticky":false,"template":"","format":"standard","meta":{"_acf_changed":false,"_exactmetrics_skip_tracking":false,"_exactmetrics_sitenote_active":false,"_exactmetrics_sitenote_note":"","_exactmetrics_sitenote_category":0,"footnotes":""},"categories":[342],"tags":[],"coauthors":[437],"class_list":["post-107463","post","type-post","status-publish","format-standard","hentry","category-scielo-es"],"acf":[],"_links":{"self":[{"href":"https:\/\/revistapesquisa.fapesp.br\/es\/wp-json\/wp\/v2\/posts\/107463","targetHints":{"allow":["GET"]}}],"collection":[{"href":"https:\/\/revistapesquisa.fapesp.br\/es\/wp-json\/wp\/v2\/posts"}],"about":[{"href":"https:\/\/revistapesquisa.fapesp.br\/es\/wp-json\/wp\/v2\/types\/post"}],"author":[{"embeddable":true,"href":"https:\/\/revistapesquisa.fapesp.br\/es\/wp-json\/wp\/v2\/users\/127"}],"replies":[{"embeddable":true,"href":"https:\/\/revistapesquisa.fapesp.br\/es\/wp-json\/wp\/v2\/comments?post=107463"}],"version-history":[{"count":0,"href":"https:\/\/revistapesquisa.fapesp.br\/es\/wp-json\/wp\/v2\/posts\/107463\/revisions"}],"wp:attachment":[{"href":"https:\/\/revistapesquisa.fapesp.br\/es\/wp-json\/wp\/v2\/media?parent=107463"}],"wp:term":[{"taxonomy":"category","embeddable":true,"href":"https:\/\/revistapesquisa.fapesp.br\/es\/wp-json\/wp\/v2\/categories?post=107463"},{"taxonomy":"post_tag","embeddable":true,"href":"https:\/\/revistapesquisa.fapesp.br\/es\/wp-json\/wp\/v2\/tags?post=107463"},{"taxonomy":"author","embeddable":true,"href":"https:\/\/revistapesquisa.fapesp.br\/es\/wp-json\/wp\/v2\/coauthors?post=107463"}],"curies":[{"name":"wp","href":"https:\/\/api.w.org\/{rel}","templated":true}]}}