{"id":107497,"date":"2013-03-01T17:11:12","date_gmt":"2013-03-01T20:11:12","guid":{"rendered":"http:\/\/revistapesquisa.fapesp.br\/?p=107497"},"modified":"2013-03-01T17:11:12","modified_gmt":"2013-03-01T20:11:12","slug":"lo-p%c3%bablico-y-lo-privado","status":"publish","type":"post","link":"https:\/\/revistapesquisa.fapesp.br\/es\/lo-p%c3%bablico-y-lo-privado\/","title":{"rendered":"Lo p\u00fablico y lo privado"},"content":{"rendered":"<p>En el art\u00edculo \u201cG\u00e9nero, lo p\u00fablico y lo privado\u201d, Susan Moller Okin, de la Universidad Stanford (Estados Unidos), discute las configuraciones hist\u00f3ricas de la dicotom\u00eda p\u00fablico\/ privado, analizando sus significados con base en una perspectiva de g\u00e9nero. La ausencia de reflexi\u00f3n sobre el g\u00e9nero \u2013especialmente en dos formas, la negligencia ante la realidad pol\u00edtica de las relaciones familiares y el lenguaje \u201cneutro\u201d\u2013 ha llevado a muchos te\u00f3ricos, del pasado y del presente, a reafirmar esa dicotom\u00eda sin tener en cuenta su naturaleza patriarcal. Para Susan Okin, los dominios de la vida dom\u00e9stica (personal) y de la vida no dom\u00e9stica (p\u00fablica) no pueden \u00a0interpretarse aisladamente, lo que demanda una revisi\u00f3n profunda de los fundamentos de gran parte de la teor\u00eda pol\u00edtica liberal. La autora aborda problemas importantes, tales como el valor de la privacidad.<\/p>\n<p>Revista Estudos Feministas \u2013 Tomo 16 \u2013 n\u00ba 2 \u2013 Florian\u00f3polis \u2013 may.\/ ago. 2008<\/p>\n<p>&nbsp;<\/p>\n","protected":false},"excerpt":{"rendered":"Lo p\u00fablico y lo privado","protected":false},"author":127,"featured_media":0,"comment_status":"closed","ping_status":"closed","sticky":false,"template":"","format":"standard","meta":{"_acf_changed":false,"_exactmetrics_skip_tracking":false,"_exactmetrics_sitenote_active":false,"_exactmetrics_sitenote_note":"","_exactmetrics_sitenote_category":0,"footnotes":""},"categories":[342],"tags":[],"coauthors":[437],"class_list":["post-107497","post","type-post","status-publish","format-standard","hentry","category-scielo-es"],"acf":[],"_links":{"self":[{"href":"https:\/\/revistapesquisa.fapesp.br\/es\/wp-json\/wp\/v2\/posts\/107497","targetHints":{"allow":["GET"]}}],"collection":[{"href":"https:\/\/revistapesquisa.fapesp.br\/es\/wp-json\/wp\/v2\/posts"}],"about":[{"href":"https:\/\/revistapesquisa.fapesp.br\/es\/wp-json\/wp\/v2\/types\/post"}],"author":[{"embeddable":true,"href":"https:\/\/revistapesquisa.fapesp.br\/es\/wp-json\/wp\/v2\/users\/127"}],"replies":[{"embeddable":true,"href":"https:\/\/revistapesquisa.fapesp.br\/es\/wp-json\/wp\/v2\/comments?post=107497"}],"version-history":[{"count":0,"href":"https:\/\/revistapesquisa.fapesp.br\/es\/wp-json\/wp\/v2\/posts\/107497\/revisions"}],"wp:attachment":[{"href":"https:\/\/revistapesquisa.fapesp.br\/es\/wp-json\/wp\/v2\/media?parent=107497"}],"wp:term":[{"taxonomy":"category","embeddable":true,"href":"https:\/\/revistapesquisa.fapesp.br\/es\/wp-json\/wp\/v2\/categories?post=107497"},{"taxonomy":"post_tag","embeddable":true,"href":"https:\/\/revistapesquisa.fapesp.br\/es\/wp-json\/wp\/v2\/tags?post=107497"},{"taxonomy":"author","embeddable":true,"href":"https:\/\/revistapesquisa.fapesp.br\/es\/wp-json\/wp\/v2\/coauthors?post=107497"}],"curies":[{"name":"wp","href":"https:\/\/api.w.org\/{rel}","templated":true}]}}