{"id":107728,"date":"2013-03-04T19:01:41","date_gmt":"2013-03-04T22:01:41","guid":{"rendered":"http:\/\/revistapesquisa.fapesp.br\/?p=107728"},"modified":"2013-03-04T19:01:41","modified_gmt":"2013-03-04T22:01:41","slug":"revalidando-a-freyre","status":"publish","type":"post","link":"https:\/\/revistapesquisa.fapesp.br\/es\/revalidando-a-freyre\/","title":{"rendered":"Revalidando a  Freyre"},"content":{"rendered":"<p>Luego de un largo per\u00edodo, durante el cual su obra fue soslayada o despreciada por la academia brasile\u00f1a y admirada principalmente por los extranjeros con poco conocimiento de Brasil, una reevaluaci\u00f3n de las ideas y del estilo de Gilberto Freyre comenz\u00f3 durante la d\u00e9cada de 1990, separando el car\u00e1cter incisivo de algunas de sus ideas del car\u00e1cter superficial de otras, e intentando distinguir hechos reales de mitos creados acerca de \u00e9l. El estudio \u201cGilberto Freyre: la revalidaci\u00f3n prosigue\u201d, de David Lehman, de la universidad de Cambridge, en Reino Unido, descubre la heterogeneidad de la lectura del joven Freyre, lo cual puede explicar por qu\u00e9 desconcert\u00f3 a sus lectores durante tanto tiempo, puesto que era dif\u00edcil ponerle un simple r\u00f3tulo a ese individuo que se defin\u00eda como claramente antirracista, pero tambi\u00e9n como conservador.<\/p>\n<p>Horizontes Antropol\u00f3gicos \u2013 Tomo 14 \u2013 N\u00ba 29 \u2013 Porto Alegre \u2013 Enero \/ Junio 2008<\/p>\n<p>&nbsp;<\/p>\n","protected":false},"excerpt":{"rendered":"Revalidando a  Freyre","protected":false},"author":127,"featured_media":0,"comment_status":"closed","ping_status":"closed","sticky":false,"template":"","format":"standard","meta":{"_acf_changed":false,"_exactmetrics_skip_tracking":false,"_exactmetrics_sitenote_active":false,"_exactmetrics_sitenote_note":"","_exactmetrics_sitenote_category":0,"footnotes":""},"categories":[342],"tags":[],"coauthors":[437],"class_list":["post-107728","post","type-post","status-publish","format-standard","hentry","category-scielo-es"],"acf":[],"_links":{"self":[{"href":"https:\/\/revistapesquisa.fapesp.br\/es\/wp-json\/wp\/v2\/posts\/107728","targetHints":{"allow":["GET"]}}],"collection":[{"href":"https:\/\/revistapesquisa.fapesp.br\/es\/wp-json\/wp\/v2\/posts"}],"about":[{"href":"https:\/\/revistapesquisa.fapesp.br\/es\/wp-json\/wp\/v2\/types\/post"}],"author":[{"embeddable":true,"href":"https:\/\/revistapesquisa.fapesp.br\/es\/wp-json\/wp\/v2\/users\/127"}],"replies":[{"embeddable":true,"href":"https:\/\/revistapesquisa.fapesp.br\/es\/wp-json\/wp\/v2\/comments?post=107728"}],"version-history":[{"count":0,"href":"https:\/\/revistapesquisa.fapesp.br\/es\/wp-json\/wp\/v2\/posts\/107728\/revisions"}],"wp:attachment":[{"href":"https:\/\/revistapesquisa.fapesp.br\/es\/wp-json\/wp\/v2\/media?parent=107728"}],"wp:term":[{"taxonomy":"category","embeddable":true,"href":"https:\/\/revistapesquisa.fapesp.br\/es\/wp-json\/wp\/v2\/categories?post=107728"},{"taxonomy":"post_tag","embeddable":true,"href":"https:\/\/revistapesquisa.fapesp.br\/es\/wp-json\/wp\/v2\/tags?post=107728"},{"taxonomy":"author","embeddable":true,"href":"https:\/\/revistapesquisa.fapesp.br\/es\/wp-json\/wp\/v2\/coauthors?post=107728"}],"curies":[{"name":"wp","href":"https:\/\/api.w.org\/{rel}","templated":true}]}}