{"id":107855,"date":"2013-03-05T17:44:18","date_gmt":"2013-03-05T20:44:18","guid":{"rendered":"http:\/\/revistapesquisa.fapesp.br\/?p=107855"},"modified":"2013-03-05T17:44:18","modified_gmt":"2013-03-05T20:44:18","slug":"el-tiempo-huye-de-la-memoria","status":"publish","type":"post","link":"https:\/\/revistapesquisa.fapesp.br\/es\/el-tiempo-huye-de-la-memoria\/","title":{"rendered":"El tiempo huye de la memoria"},"content":{"rendered":"<p>Los peque\u00f1os productores rurales del interior de Par\u00e1 son vulnerables y est\u00e1n desamparados frente a los cambios clim\u00e1ticos, a juzgar por los eventos de los \u00faltimos a\u00f1os, seg\u00fan los antrop\u00f3logos Eduardo Brondizio y Emilio Moran, de la Universidade de Indiana, Estados Unidos. En 6 a\u00f1os de an\u00e1lisis de campo, verificaron que anomal\u00edas clim\u00e1ticas como El Ni\u00f1o pueden arruinar a los peque\u00f1os productores y forzarlos a migrar a las ciudades. Sin recomendaciones sobre c\u00f3mo actuar ni informaciones sobre las variaciones locales del tiempo, ya que las previsiones meteorol\u00f3gicas s\u00f3lo llegan al nivel regional, estos chacareros no cambian sus pr\u00e1cticas agr\u00edcolas, aunque acompa\u00f1en las discusiones sobre los cambios clim\u00e1ticos. Otra constataci\u00f3n: como el clima se altera mucho y r\u00e1pidamente en la regi\u00f3n norte, ellos inmediatamente borran de la memoria incluso los eventos clim\u00e1ticos extremos. M\u00e1s de la mitad de los entrevistados en 2002 no se acordaba de la sequ\u00eda causada por El Ni\u00f1o de 1997-1998, una de las peores ya registradas (Philosophical Transactions of the Royal Society B). Esos agricultores necesitan que se transformen las tendencias del clima en informaciones que los ayuden a tomar decisiones y a prever sequ\u00edas.<\/p>\n<p>&nbsp;<\/p>\n","protected":false},"excerpt":{"rendered":"El tiempo huye de la memoria","protected":false},"author":127,"featured_media":0,"comment_status":"closed","ping_status":"closed","sticky":false,"template":"","format":"standard","meta":{"_acf_changed":false,"_exactmetrics_skip_tracking":false,"_exactmetrics_sitenote_active":false,"_exactmetrics_sitenote_note":"","_exactmetrics_sitenote_category":0,"footnotes":""},"categories":[191],"tags":[286,269],"coauthors":[437],"class_list":["post-107855","post","type-post","status-publish","format-standard","hentry","category-tecnociencia-es-es","tag-clima-es","tag-ambiente-es"],"acf":[],"_links":{"self":[{"href":"https:\/\/revistapesquisa.fapesp.br\/es\/wp-json\/wp\/v2\/posts\/107855","targetHints":{"allow":["GET"]}}],"collection":[{"href":"https:\/\/revistapesquisa.fapesp.br\/es\/wp-json\/wp\/v2\/posts"}],"about":[{"href":"https:\/\/revistapesquisa.fapesp.br\/es\/wp-json\/wp\/v2\/types\/post"}],"author":[{"embeddable":true,"href":"https:\/\/revistapesquisa.fapesp.br\/es\/wp-json\/wp\/v2\/users\/127"}],"replies":[{"embeddable":true,"href":"https:\/\/revistapesquisa.fapesp.br\/es\/wp-json\/wp\/v2\/comments?post=107855"}],"version-history":[{"count":0,"href":"https:\/\/revistapesquisa.fapesp.br\/es\/wp-json\/wp\/v2\/posts\/107855\/revisions"}],"wp:attachment":[{"href":"https:\/\/revistapesquisa.fapesp.br\/es\/wp-json\/wp\/v2\/media?parent=107855"}],"wp:term":[{"taxonomy":"category","embeddable":true,"href":"https:\/\/revistapesquisa.fapesp.br\/es\/wp-json\/wp\/v2\/categories?post=107855"},{"taxonomy":"post_tag","embeddable":true,"href":"https:\/\/revistapesquisa.fapesp.br\/es\/wp-json\/wp\/v2\/tags?post=107855"},{"taxonomy":"author","embeddable":true,"href":"https:\/\/revistapesquisa.fapesp.br\/es\/wp-json\/wp\/v2\/coauthors?post=107855"}],"curies":[{"name":"wp","href":"https:\/\/api.w.org\/{rel}","templated":true}]}}