{"id":107897,"date":"2013-03-06T12:49:33","date_gmt":"2013-03-06T15:49:33","guid":{"rendered":"http:\/\/revistapesquisa.fapesp.br\/?p=107897"},"modified":"2013-03-06T12:49:33","modified_gmt":"2013-03-06T15:49:33","slug":"la-unesp-se%c3%b1ala-hacia-la-zona-este-de-s%c3%a3o-paulo","status":"publish","type":"post","link":"https:\/\/revistapesquisa.fapesp.br\/es\/la-unesp-se%c3%b1ala-hacia-la-zona-este-de-s%c3%a3o-paulo\/","title":{"rendered":"La Unesp se\u00f1ala hacia la zona este de S\u00e3o Paulo"},"content":{"rendered":"<p>La Universidad Estadual Paulista (Unesp) planea crear un centro de educaci\u00f3n profesional y de ense\u00f1anza media en la zona este de S\u00e3o Paulo. El proyecto fue entregado al gobernador Jos\u00e9 Serra el d\u00eda 20 de diciembre de 2007. El modelo propone la creaci\u00f3n de cursos de ense\u00f1anza media, para formaci\u00f3n de profesionales y de tecn\u00f3logos, con estructuras curriculares flexibles. La idea es atender alrededor de 15 mil estudiantes por a\u00f1o, preferentemente a j\u00f3venes de la regi\u00f3n, que podr\u00edan, m\u00e1s tarde, ingresar en cursos superiores de la Unesp sin la necesidad de tener que aprobar el examen de ingreso, siempre que, est\u00e1 claro, tengan un buen desempe\u00f1o escolar. La zona este de S\u00e3o Paulo tiene cerca de 4 millones de habitantes y, desde 2005, abriga una unidad de la Universidad de S\u00e3o Paulo, la USP Este. \u201cUn proyecto de inclusi\u00f3n social necesita comenzar antes del vestibular\u201d, dijo el rector de la Unesp, Marcos Macari, al peri\u00f3dico Valor Econ\u00f3mico, al explicar la decisi\u00f3n de invertir en la ense\u00f1anza media. Entre los cursos de formaci\u00f3n de profesionales se destacan los de agente de turismo, automaci\u00f3n y control, electr\u00f3nica, mec\u00e1nica, dise\u00f1o y hoteler\u00eda.\u00a0El Centro de Educaci\u00f3n Profesional de la Unesp tiene un presupuesto de 273 millones de reales para la fase de implantaci\u00f3n, con la inauguraci\u00f3n prevista en 2010, en el caso de que las obras se inicien en este a\u00f1o. La aprobaci\u00f3n depende de una sociedad con la Alcald\u00eda de S\u00e3o Paulo, que deber\u00e1 ofrecer un terreno de 24 mil metros cuadrados en el barrio de Itaquera para la construcci\u00f3n del campus, y con el gobierno del estado, para la liberaci\u00f3n de recursos. La Unesp tiene experiencia en la ense\u00f1anza media, con colegios t\u00e9cnicos en Bauru, Guaratinguet\u00e1 y Jaboticabal.<\/p>\n","protected":false},"excerpt":{"rendered":"La Unesp se\u00f1ala hacia la zona este de S\u00e3o Paulo","protected":false},"author":127,"featured_media":0,"comment_status":"closed","ping_status":"closed","sticky":false,"template":"","format":"standard","meta":{"_acf_changed":false,"_exactmetrics_skip_tracking":false,"_exactmetrics_sitenote_active":false,"_exactmetrics_sitenote_note":"","_exactmetrics_sitenote_category":0,"footnotes":""},"categories":[184],"tags":[295],"coauthors":[437],"class_list":["post-107897","post","type-post","status-publish","format-standard","hentry","category-estrategias-es","tag-educacion"],"acf":[],"_links":{"self":[{"href":"https:\/\/revistapesquisa.fapesp.br\/es\/wp-json\/wp\/v2\/posts\/107897","targetHints":{"allow":["GET"]}}],"collection":[{"href":"https:\/\/revistapesquisa.fapesp.br\/es\/wp-json\/wp\/v2\/posts"}],"about":[{"href":"https:\/\/revistapesquisa.fapesp.br\/es\/wp-json\/wp\/v2\/types\/post"}],"author":[{"embeddable":true,"href":"https:\/\/revistapesquisa.fapesp.br\/es\/wp-json\/wp\/v2\/users\/127"}],"replies":[{"embeddable":true,"href":"https:\/\/revistapesquisa.fapesp.br\/es\/wp-json\/wp\/v2\/comments?post=107897"}],"version-history":[{"count":0,"href":"https:\/\/revistapesquisa.fapesp.br\/es\/wp-json\/wp\/v2\/posts\/107897\/revisions"}],"wp:attachment":[{"href":"https:\/\/revistapesquisa.fapesp.br\/es\/wp-json\/wp\/v2\/media?parent=107897"}],"wp:term":[{"taxonomy":"category","embeddable":true,"href":"https:\/\/revistapesquisa.fapesp.br\/es\/wp-json\/wp\/v2\/categories?post=107897"},{"taxonomy":"post_tag","embeddable":true,"href":"https:\/\/revistapesquisa.fapesp.br\/es\/wp-json\/wp\/v2\/tags?post=107897"},{"taxonomy":"author","embeddable":true,"href":"https:\/\/revistapesquisa.fapesp.br\/es\/wp-json\/wp\/v2\/coauthors?post=107897"}],"curies":[{"name":"wp","href":"https:\/\/api.w.org\/{rel}","templated":true}]}}