{"id":108092,"date":"2013-03-07T13:32:59","date_gmt":"2013-03-07T16:32:59","guid":{"rendered":"http:\/\/revistapesquisa.fapesp.br\/?p=108092"},"modified":"2013-03-07T13:32:59","modified_gmt":"2013-03-07T16:32:59","slug":"cirugia-de-catarata","status":"publish","type":"post","link":"https:\/\/revistapesquisa.fapesp.br\/es\/cirugia-de-catarata\/","title":{"rendered":"Cirug\u00eda de catarata"},"content":{"rendered":"<p>El objetivo del art\u00edculo \u201cFactores emocionales antecedentes a la cirug\u00eda de catarata\u201d, de Roberta Marback, Edm\u00e9a Temporini y Newton Kara J\u00fanior, de la Facultad de Medicina de la Universidad de S\u00e3o Paulo, fue identificar factores emocionales relacionados a las dificultades cotidianas y al tratamiento quir\u00fargico entre portadores de catarata de un hospital universitario. Se realiz\u00f3 un estudio observador transversal descriptivo, por medio de un cuestionario estructurado, aplicado por entrevista, elaborado a partir del estudio de exploraci\u00f3n. La muestra fue formada por pacientes atendidos por el sector de catarata de la cl\u00ednica oftalmol\u00f3gica de un hospital universitario. La muestra fue constituida por 110 personas de ambos sexos (34,5% hombres y 65,5% mujeres), con edades entre 43 y 89 a\u00f1os. Con respecto a la escolaridad, un 26,4% nunca frecuentaron la escuela, 59,1% se distribuyeron entre 1\u00ba y 8\u00ba grados; 87,3% no ejerc\u00edan actividad remunerada. En cuanto al miedo en relaci\u00f3n a la cirug\u00eda de catarata, 54,0% mencionaron temer perder la visi\u00f3n. Fueron registrados sentimientos\/significaciones en relaci\u00f3n al procedimiento quir\u00fargico: dudas en cuanto al resultado (32,7%), angustia (26,4%), tristeza (25,5%). La mayor\u00eda de los entrevistados se refiri\u00f3 a dificultades en las actividades cotidianas como consecuencia de la catarata. El miedo fue el sentimiento predominante entre los respondientes. Esos hechos \u00a0sugieren la necesidad de acciones tendientes a preparar a los pacientes emocionalmente para enfrentar las actividades cotidianas y la cirug\u00eda de catarata.<\/p>\n<p>Clinicas \u2013 Tomo 62 \u2013 n\u00ba 4 \u2013 S\u00e3o Paulo \u2013 2007<\/p>\n","protected":false},"excerpt":{"rendered":"Cirug\u00eda de catarata ","protected":false},"author":127,"featured_media":0,"comment_status":"closed","ping_status":"closed","sticky":false,"template":"","format":"standard","meta":{"_acf_changed":false,"_exactmetrics_skip_tracking":false,"_exactmetrics_sitenote_active":false,"_exactmetrics_sitenote_note":"","_exactmetrics_sitenote_category":0,"footnotes":""},"categories":[342],"tags":[],"coauthors":[93],"class_list":["post-108092","post","type-post","status-publish","format-standard","hentry","category-scielo-es"],"acf":[],"_links":{"self":[{"href":"https:\/\/revistapesquisa.fapesp.br\/es\/wp-json\/wp\/v2\/posts\/108092","targetHints":{"allow":["GET"]}}],"collection":[{"href":"https:\/\/revistapesquisa.fapesp.br\/es\/wp-json\/wp\/v2\/posts"}],"about":[{"href":"https:\/\/revistapesquisa.fapesp.br\/es\/wp-json\/wp\/v2\/types\/post"}],"author":[{"embeddable":true,"href":"https:\/\/revistapesquisa.fapesp.br\/es\/wp-json\/wp\/v2\/users\/127"}],"replies":[{"embeddable":true,"href":"https:\/\/revistapesquisa.fapesp.br\/es\/wp-json\/wp\/v2\/comments?post=108092"}],"version-history":[{"count":0,"href":"https:\/\/revistapesquisa.fapesp.br\/es\/wp-json\/wp\/v2\/posts\/108092\/revisions"}],"wp:attachment":[{"href":"https:\/\/revistapesquisa.fapesp.br\/es\/wp-json\/wp\/v2\/media?parent=108092"}],"wp:term":[{"taxonomy":"category","embeddable":true,"href":"https:\/\/revistapesquisa.fapesp.br\/es\/wp-json\/wp\/v2\/categories?post=108092"},{"taxonomy":"post_tag","embeddable":true,"href":"https:\/\/revistapesquisa.fapesp.br\/es\/wp-json\/wp\/v2\/tags?post=108092"},{"taxonomy":"author","embeddable":true,"href":"https:\/\/revistapesquisa.fapesp.br\/es\/wp-json\/wp\/v2\/coauthors?post=108092"}],"curies":[{"name":"wp","href":"https:\/\/api.w.org\/{rel}","templated":true}]}}