{"id":108455,"date":"2013-03-11T13:10:38","date_gmt":"2013-03-11T16:10:38","guid":{"rendered":"http:\/\/revistapesquisa.fapesp.br\/?p=108455"},"modified":"2013-03-11T13:10:38","modified_gmt":"2013-03-11T16:10:38","slug":"la-produccion-del-continente","status":"publish","type":"post","link":"https:\/\/revistapesquisa.fapesp.br\/es\/la-produccion-del-continente\/","title":{"rendered":"La producci\u00f3n del continente"},"content":{"rendered":"<p>La FAPESP firm\u00f3 un acuerdo de cooperaci\u00f3n t\u00e9cnica con la Fundaci\u00f3n Memorial de Am\u00e9rica Latina para el comienzo de la creaci\u00f3n de la Biblioteca Virtual de la Am\u00e9rica Latina (BV@L). La alianza busca promover la indexaci\u00f3n, la preservaci\u00f3n y la diseminaci\u00f3n de informaciones sobre la producci\u00f3n t\u00e9cnica, cient\u00edfica, cultural y art\u00edstica de los pa\u00edses de la regi\u00f3n, generadas por el Memorial de la Am\u00e9rica Latina y por otras instituciones del exterior que tengan colecciones sobre el continente para fines de investigaci\u00f3n, ense\u00f1anza y extensi\u00f3n. La primera iniciativa del convenio deber\u00e1 ser el desarrollo de la plataforma tecnol\u00f3gica necesaria para la implementaci\u00f3n de la BV@L en el Memorial. \u201cEl protocolo de intenciones nos d\u00e1 el derecho de utilizar toda la experiencia t\u00e9cnica acumulada por la FAPESP en la formaci\u00f3n de su Biblioteca Virtual\u201d, dijo Fernando Le\u00e7a, director presidente de la Fundaci\u00f3n Memorial de la Am\u00e9rica Latina.<\/p>\n","protected":false},"excerpt":{"rendered":"La producci\u00f3n del continente","protected":false},"author":127,"featured_media":0,"comment_status":"closed","ping_status":"closed","sticky":false,"template":"","format":"standard","meta":{"_acf_changed":false,"_exactmetrics_skip_tracking":false,"_exactmetrics_sitenote_active":false,"_exactmetrics_sitenote_note":"","_exactmetrics_sitenote_category":0,"footnotes":""},"categories":[184],"tags":[],"coauthors":[437],"class_list":["post-108455","post","type-post","status-publish","format-standard","hentry","category-estrategias-es"],"acf":[],"_links":{"self":[{"href":"https:\/\/revistapesquisa.fapesp.br\/es\/wp-json\/wp\/v2\/posts\/108455","targetHints":{"allow":["GET"]}}],"collection":[{"href":"https:\/\/revistapesquisa.fapesp.br\/es\/wp-json\/wp\/v2\/posts"}],"about":[{"href":"https:\/\/revistapesquisa.fapesp.br\/es\/wp-json\/wp\/v2\/types\/post"}],"author":[{"embeddable":true,"href":"https:\/\/revistapesquisa.fapesp.br\/es\/wp-json\/wp\/v2\/users\/127"}],"replies":[{"embeddable":true,"href":"https:\/\/revistapesquisa.fapesp.br\/es\/wp-json\/wp\/v2\/comments?post=108455"}],"version-history":[{"count":0,"href":"https:\/\/revistapesquisa.fapesp.br\/es\/wp-json\/wp\/v2\/posts\/108455\/revisions"}],"wp:attachment":[{"href":"https:\/\/revistapesquisa.fapesp.br\/es\/wp-json\/wp\/v2\/media?parent=108455"}],"wp:term":[{"taxonomy":"category","embeddable":true,"href":"https:\/\/revistapesquisa.fapesp.br\/es\/wp-json\/wp\/v2\/categories?post=108455"},{"taxonomy":"post_tag","embeddable":true,"href":"https:\/\/revistapesquisa.fapesp.br\/es\/wp-json\/wp\/v2\/tags?post=108455"},{"taxonomy":"author","embeddable":true,"href":"https:\/\/revistapesquisa.fapesp.br\/es\/wp-json\/wp\/v2\/coauthors?post=108455"}],"curies":[{"name":"wp","href":"https:\/\/api.w.org\/{rel}","templated":true}]}}