{"id":108609,"date":"2013-03-11T14:40:04","date_gmt":"2013-03-11T17:40:04","guid":{"rendered":"http:\/\/revistapesquisa.fapesp.br\/?p=108609"},"modified":"2013-03-11T14:40:04","modified_gmt":"2013-03-11T17:40:04","slug":"la-selva-de-piedra","status":"publish","type":"post","link":"https:\/\/revistapesquisa.fapesp.br\/es\/la-selva-de-piedra\/","title":{"rendered":"La selva de piedra"},"content":{"rendered":"<p>La malaria amenaza dejar de ser una enfermedad de los confines de Brasil. Entre el final de 2006 y marzo de este a\u00f1o, fueron confirmados 67 casos en la ciudad de S\u00e3o Paulo \u2013ante seis en los 16 a\u00f1os anteriores. Los casos se concentran en la zona sur de la ciudad, donde ocupaciones irregulares aproximan a las personas de las selvas \u2013\u00e1reas en que est\u00e1n los mosquitos transmisores de la enfermedad. Otra hip\u00f3tesis de la Secretar\u00eda de la Salud es un aumento en la notificaci\u00f3n de los casos. Todos los pacientes encontrados por la secretaria y por la Superintendencia de Control de Endemias (Sucen) presentan la malaria en su forma benigna, que no acostumbra representar grandes riesgos \u2013excepto para gestantes. Seg\u00fan el m\u00e9dico infect\u00f3logo Luiz Jacinto da Silva, ex-superintendente de la Sucen, puede haber a\u00fan m\u00e1s casos que los detectados, pues los m\u00e9dicos en S\u00e3o Paulo no est\u00e1n preparados para reconocer la enfermedad (Folha de S. Paulo).<\/p>\n<p>&nbsp;<\/p>\n","protected":false},"excerpt":{"rendered":"La selva de piedra","protected":false},"author":127,"featured_media":0,"comment_status":"closed","ping_status":"closed","sticky":false,"template":"","format":"standard","meta":{"_acf_changed":false,"_exactmetrics_skip_tracking":false,"_exactmetrics_sitenote_active":false,"_exactmetrics_sitenote_note":"","_exactmetrics_sitenote_category":0,"footnotes":""},"categories":[191],"tags":[],"coauthors":[437],"class_list":["post-108609","post","type-post","status-publish","format-standard","hentry","category-tecnociencia-es-es"],"acf":[],"_links":{"self":[{"href":"https:\/\/revistapesquisa.fapesp.br\/es\/wp-json\/wp\/v2\/posts\/108609","targetHints":{"allow":["GET"]}}],"collection":[{"href":"https:\/\/revistapesquisa.fapesp.br\/es\/wp-json\/wp\/v2\/posts"}],"about":[{"href":"https:\/\/revistapesquisa.fapesp.br\/es\/wp-json\/wp\/v2\/types\/post"}],"author":[{"embeddable":true,"href":"https:\/\/revistapesquisa.fapesp.br\/es\/wp-json\/wp\/v2\/users\/127"}],"replies":[{"embeddable":true,"href":"https:\/\/revistapesquisa.fapesp.br\/es\/wp-json\/wp\/v2\/comments?post=108609"}],"version-history":[{"count":0,"href":"https:\/\/revistapesquisa.fapesp.br\/es\/wp-json\/wp\/v2\/posts\/108609\/revisions"}],"wp:attachment":[{"href":"https:\/\/revistapesquisa.fapesp.br\/es\/wp-json\/wp\/v2\/media?parent=108609"}],"wp:term":[{"taxonomy":"category","embeddable":true,"href":"https:\/\/revistapesquisa.fapesp.br\/es\/wp-json\/wp\/v2\/categories?post=108609"},{"taxonomy":"post_tag","embeddable":true,"href":"https:\/\/revistapesquisa.fapesp.br\/es\/wp-json\/wp\/v2\/tags?post=108609"},{"taxonomy":"author","embeddable":true,"href":"https:\/\/revistapesquisa.fapesp.br\/es\/wp-json\/wp\/v2\/coauthors?post=108609"}],"curies":[{"name":"wp","href":"https:\/\/api.w.org\/{rel}","templated":true}]}}