{"id":114436,"date":"2012-12-16T19:22:39","date_gmt":"2012-12-16T21:22:39","guid":{"rendered":"http:\/\/revistapesquisa.fapesp.br\/?p=114436"},"modified":"2014-06-05T17:29:12","modified_gmt":"2014-06-05T20:29:12","slug":"tematicos-y-joven-investigador-recientes-11","status":"publish","type":"post","link":"https:\/\/revistapesquisa.fapesp.br\/es\/tematicos-y-joven-investigador-recientes-11\/","title":{"rendered":"Tem\u00e1ticos y Joven Investigador recientes"},"content":{"rendered":"<p><b>Tem\u00e1ticos<br \/>\n<\/b><b>Proyecto de historia del portugu\u00e9s paulista (PHPP \u2013 Proyecto Caipira)<br \/>\n<\/b>Investigadora responsable: Cl\u00e9lia C\u00e2ndida Abreu Spinardi Jubran<br \/>\nInstituci\u00f3n: Instituto de Biociencias, Letras y Ciencias Exactas de S\u00e3o Jos\u00e9 do Rio Preto\/ Unesp<br \/>\nProceso: 2011\/ 51787-5<br \/>\nVigencia: Del 01\/12\/2012 al 30\/11\/2017<br \/>\nTema: Promover un di\u00e1logo entre teor\u00edas ling\u00fc\u00edsticas indispensables en las investigaciones contempor\u00e1neas de la ling\u00fc\u00edstica hist\u00f3rica, no s\u00f3lo para dar cuenta de la complejidad de los fen\u00f3menos que se investigar\u00e1n, sino tambi\u00e9n para complementar los subproyectos. Aqu\u00ed se contemplan las dimensiones gramaticales, sem\u00e1nticas y textuales-discursivas como constitutivas de las categor\u00edas de la lengua en uso. De este modo, se justifica el alcance del proyecto que, circunscrito al portugu\u00e9s paulista, aportar\u00e1 el Proyecto de Historia del Portugu\u00e9s Brasile\u00f1o, en el cual se integra junto a estudios de otros 11 estados: Pernambuco, Bah\u00eda, Para\u00edba, Alagoas, Cear\u00e1, Minas Gerais, R\u00edo de Janeiro, Paran\u00e1, Santa Catarina, Rio Grande do Norte y Par\u00e1.<\/p>\n<p><b>Estudios de nuevos materiales complejos y avanzados<br \/>\n<\/b>Investigador responsable: Marcelo Knobel<br \/>\nInstituci\u00f3n: Instituto de F\u00edsica Gleb Wataghin\/ Unicamp<br \/>\nProceso: 2012\/ 04870-7<br \/>\nVigencia: Del 01\/01\/2013 al 31\/12\/2016<br \/>\nTema: Perfeccionar m\u00e1s a\u00fan el estudio de las propiedades electr\u00f3nicas, estructurales, magn\u00e9ticas, de transporte y termodin\u00e1micas bajo condiciones extremas con grandes campos magn\u00e9ticos, altas presiones y bajas temperaturas en sistemas fuertemente correlacionados de materiales met\u00e1licos, superconductores, semimet\u00e1licos, semiconductores, semiconductores magn\u00e9ticos diluidos, \u00f3xidos cer\u00e1micos, multiferrosos, grafitos, grafenos etc. Para profundizar la comprensi\u00f3n de los fen\u00f3menos en estudio, se pretende incorporar al grupo las t\u00e9cnicas de RMN\/ RQN, EDX, WDS, FT-IR y un horno de l\u00e1mparas para la preparaci\u00f3n de nuevos \u00f3xidos monocristalinos, necesarios para el an\u00e1lisis y la preparaci\u00f3n de los nuevos materiales que ser\u00e1n sintetizados.<\/p>\n<p><b>F\u00edsica de hadrones<br \/>\n<\/b>Investigadora responsable: Marina Nielsen<br \/>\nInstituci\u00f3n: Instituto de F\u00edsica\/ USP<br \/>\nProceso: 2012\/ 50984-4<br \/>\nVigencia: Del 01\/12\/2012 al 30\/11\/2016<br \/>\nTema: El objetivo es mantener las actividades de un grupo de referencia, que viene actuando como uno de los polos centralizadores de la f\u00edsica de hadrones en Brasil. Actualmente, diversos laboratorios trabajan en un esfuerzo experimental consistente para estudiar sistemas hadr\u00f3nicos y determinar las respuestas de las part\u00edculas mesones, bariones y del propio vac\u00edo. Esos trabajos generan una buena perspectiva para la obtenci\u00f3n de nuevos datos que permitir\u00e1n un mayor conocimiento sobre el tema.<\/p>\n<p><b>Joven Investigador<br \/>\n<\/b><b>Identificaci\u00f3n, producci\u00f3n y caracterizaci\u00f3n de nuevos al\u00e9rgenos regionales<br \/>\n<\/b>Investigadora responsable: Keity Souza Santos<br \/>\nInstituci\u00f3n: Facultad de Medicina\/ USP<br \/>\nProceso: 2012\/ 14019-2<br \/>\nVigencia: Del 01\/12\/2012 al 30\/11\/2016<br \/>\nTema:<span style=\"line-height: 1.5em;\"> Identificar nuevos al\u00e9rgenos y estudiar potenciales reactividades cruzadas con al\u00e9rgenos ya conocidos mediante la creaci\u00f3n de una sistem\u00e1tica de investigaci\u00f3n cl\u00ednica y de laboratorio con \u00e9nfasis en el abordaje prote\u00f3mico. Asimismo, la predicci\u00f3n de ep\u00edtopos \u2013la menor porci\u00f3n del ant\u00edgeno con potencial para generar una respuesta inmune\u2013 mediante la bioinform\u00e1tica puede colaborar para el desarrollo de mol\u00e9culas hipoalerg\u00e9nicas en el futuro. Apuntamos, de esta forma, a la caracterizaci\u00f3n fisicoqu\u00edmica e inmunol\u00f3gica de los al\u00e9rgenos identificados.<\/span><\/p>\n","protected":false},"excerpt":{"rendered":"Proyectos contratados en diciembre de 2012","protected":false},"author":6,"featured_media":0,"comment_status":"open","ping_status":"open","sticky":false,"template":"","format":"standard","meta":{"_acf_changed":false,"_exactmetrics_skip_tracking":false,"_exactmetrics_sitenote_active":false,"_exactmetrics_sitenote_note":"","_exactmetrics_sitenote_category":0,"footnotes":""},"categories":[182],"tags":[303],"coauthors":[93],"class_list":["post-114436","post","type-post","status-publish","format-standard","hentry","category-proyectos","tag-financiacion"],"acf":[],"_links":{"self":[{"href":"https:\/\/revistapesquisa.fapesp.br\/es\/wp-json\/wp\/v2\/posts\/114436","targetHints":{"allow":["GET"]}}],"collection":[{"href":"https:\/\/revistapesquisa.fapesp.br\/es\/wp-json\/wp\/v2\/posts"}],"about":[{"href":"https:\/\/revistapesquisa.fapesp.br\/es\/wp-json\/wp\/v2\/types\/post"}],"author":[{"embeddable":true,"href":"https:\/\/revistapesquisa.fapesp.br\/es\/wp-json\/wp\/v2\/users\/6"}],"replies":[{"embeddable":true,"href":"https:\/\/revistapesquisa.fapesp.br\/es\/wp-json\/wp\/v2\/comments?post=114436"}],"version-history":[{"count":0,"href":"https:\/\/revistapesquisa.fapesp.br\/es\/wp-json\/wp\/v2\/posts\/114436\/revisions"}],"wp:attachment":[{"href":"https:\/\/revistapesquisa.fapesp.br\/es\/wp-json\/wp\/v2\/media?parent=114436"}],"wp:term":[{"taxonomy":"category","embeddable":true,"href":"https:\/\/revistapesquisa.fapesp.br\/es\/wp-json\/wp\/v2\/categories?post=114436"},{"taxonomy":"post_tag","embeddable":true,"href":"https:\/\/revistapesquisa.fapesp.br\/es\/wp-json\/wp\/v2\/tags?post=114436"},{"taxonomy":"author","embeddable":true,"href":"https:\/\/revistapesquisa.fapesp.br\/es\/wp-json\/wp\/v2\/coauthors?post=114436"}],"curies":[{"name":"wp","href":"https:\/\/api.w.org\/{rel}","templated":true}]}}