{"id":12394,"date":"2012-06-28T17:57:20","date_gmt":"2012-06-28T20:57:20","guid":{"rendered":"http:\/\/revistapesquisa.fapesp.br\/?p=12394"},"modified":"2013-02-07T18:53:34","modified_gmt":"2013-02-07T20:53:34","slug":"el-avance-del-asma-en-ni%c3%b1os-y-adolescentes","status":"publish","type":"post","link":"https:\/\/revistapesquisa.fapesp.br\/es\/el-avance-del-asma-en-ni%c3%b1os-y-adolescentes\/","title":{"rendered":"El avance del asma en ni\u00f1os y adolescentes"},"content":{"rendered":"<p><img loading=\"lazy\" decoding=\"async\" class=\"alignright size-full wp-image-12472\" title=\"014-017_Tecnociencia_194-1c\" src=\"http:\/\/revistapesquisa.fapesp.br\/wp-content\/uploads\/2012\/06\/014-017_Tecnociencia_194-1c.jpg\" alt=\"\" width=\"290\" height=\"143\" srcset=\"https:\/\/revistapesquisa.fapesp.br\/wp-content\/uploads\/2012\/06\/014-017_Tecnociencia_194-1c.jpg 290w, https:\/\/revistapesquisa.fapesp.br\/wp-content\/uploads\/2012\/06\/014-017_Tecnociencia_194-1c-250x123.jpg 250w, https:\/\/revistapesquisa.fapesp.br\/wp-content\/uploads\/2012\/06\/014-017_Tecnociencia_194-1c-120x59.jpg 120w\" sizes=\"auto, (max-width: 290px) 100vw, 290px\" \/><span class=\"media-credits-inline\">DANIEL BUENO<\/span>En la d\u00e9cada pasada, la incidencia del asma en Brasil creci\u00f3 entre los ni\u00f1os de 0 a 9 a\u00f1os y tambi\u00e9n entre los adolescentes de 10 a 19 a\u00f1os, sobre todo, entre los ni\u00f1os y los residentes en zonas rurales (<em>Revista de Sa\u00fade P\u00fablica<\/em>, abril de 2012). Esta conclusi\u00f3n surge de un trabajo de investigadores de la Facultad de Medicina de la Universidad Federal de Pelotas (UFPel), en Rio Grande do Sul, que analiz\u00f3 datos sobre la enfermedad recabados durante tres distintos a\u00f1os en el marco de la Investigaci\u00f3n Nacional por Muestreo de Hogares (Pnad, sigla en portugu\u00e9s). En 1998, la incidencia del asma entre los ni\u00f1os brasile\u00f1os fue del 7,7%; en 2003 alcanz\u00f3 un 8,1%, y en 2008 trep\u00f3 al 8,5%. El incremento anual fue del orden del 1%. El mayor crecimiento anual ocurri\u00f3 en las regiones sudeste y norte (1,4%). Entre los adolescentes, la incidencia de la enfermedad fue del 4,4% en 1998, un 5% en 2003 y un 5,5% en 2008. El crecimiento anual fue del 2,2%. En el nordeste, ese \u00edndice fue a\u00fan mayor (3,5%). Los autores del estudio arriesgan algunas hip\u00f3tesis para explicar el avance del asma, tales como la ampliaci\u00f3n de los servicios de atenci\u00f3n b\u00e1sica, el aumento de la cantidad de equipos de Salud de la Familia y, en la zona rural, una mayor exposici\u00f3n a pesticidas y agrot\u00f3xicos.<\/p>\n","protected":false},"excerpt":{"rendered":"El avance del asma en ni\u00f1os y adolescentes","protected":false},"author":6,"featured_media":0,"comment_status":"open","ping_status":"open","sticky":false,"template":"","format":"standard","meta":{"_acf_changed":false,"_exactmetrics_skip_tracking":false,"_exactmetrics_sitenote_active":false,"_exactmetrics_sitenote_note":"","_exactmetrics_sitenote_category":0,"footnotes":""},"categories":[191],"tags":[298,316],"coauthors":[93],"class_list":["post-12394","post","type-post","status-publish","format-standard","hentry","category-tecnociencia-es-es","tag-epidemiologia-es","tag-medicina-es"],"acf":[],"_links":{"self":[{"href":"https:\/\/revistapesquisa.fapesp.br\/es\/wp-json\/wp\/v2\/posts\/12394","targetHints":{"allow":["GET"]}}],"collection":[{"href":"https:\/\/revistapesquisa.fapesp.br\/es\/wp-json\/wp\/v2\/posts"}],"about":[{"href":"https:\/\/revistapesquisa.fapesp.br\/es\/wp-json\/wp\/v2\/types\/post"}],"author":[{"embeddable":true,"href":"https:\/\/revistapesquisa.fapesp.br\/es\/wp-json\/wp\/v2\/users\/6"}],"replies":[{"embeddable":true,"href":"https:\/\/revistapesquisa.fapesp.br\/es\/wp-json\/wp\/v2\/comments?post=12394"}],"version-history":[{"count":0,"href":"https:\/\/revistapesquisa.fapesp.br\/es\/wp-json\/wp\/v2\/posts\/12394\/revisions"}],"wp:attachment":[{"href":"https:\/\/revistapesquisa.fapesp.br\/es\/wp-json\/wp\/v2\/media?parent=12394"}],"wp:term":[{"taxonomy":"category","embeddable":true,"href":"https:\/\/revistapesquisa.fapesp.br\/es\/wp-json\/wp\/v2\/categories?post=12394"},{"taxonomy":"post_tag","embeddable":true,"href":"https:\/\/revistapesquisa.fapesp.br\/es\/wp-json\/wp\/v2\/tags?post=12394"},{"taxonomy":"author","embeddable":true,"href":"https:\/\/revistapesquisa.fapesp.br\/es\/wp-json\/wp\/v2\/coauthors?post=12394"}],"curies":[{"name":"wp","href":"https:\/\/api.w.org\/{rel}","templated":true}]}}