{"id":133619,"date":"2013-09-23T19:04:09","date_gmt":"2013-09-23T22:04:09","guid":{"rendered":"http:\/\/revistapesquisa.fapesp.br\/?p=133619"},"modified":"2013-09-23T19:08:20","modified_gmt":"2013-09-23T22:08:20","slug":"133619","status":"publish","type":"post","link":"https:\/\/revistapesquisa.fapesp.br\/es\/133619\/","title":{"rendered":"100 obras relevantes"},"content":{"rendered":"<p><img loading=\"lazy\" decoding=\"async\" class=\"alignright size-full wp-image-133639\" alt=\"\" src=\"http:\/\/revistapesquisa.fapesp.br\/wp-content\/uploads\/2013\/09\/010-011_Estrategias_210-1.jpg\" width=\"290\" height=\"190\" \/><span class=\"media-credits-inline\">Daniel Bueno<\/span>Entre los d\u00edas 9 de agosto y 4 de octubre se llevar\u00e1 a cabo el Ciclo de Conferencias 50 a\u00f1os de las Ciencias de la Comunicaci\u00f3n en Brasil \u2012 El aporte de S\u00e3o Paulo, una colaboraci\u00f3n entre la FAPESP y la Sociedad Brasile\u00f1a de Estudios Interdisciplinarios en Comunicaci\u00f3n (Intercom). En total, ser\u00e1n ocho viernes de encuentros en la sede de la Fundaci\u00f3n y en la Escuela de Comunicaci\u00f3n y Artes de la Universidad de S\u00e3o Paulo (ECA-USP). El programa completo puede consultarse en el sitio<em> web<\/em> de la FAPESP (<em><a href=\"http:\/\/www.fapesp.br\/eventos\/\" target=\"_blank\">www.fapesp.br\/eventos<\/a><\/em>). El objetivo es reflexionar acerca de los 50 a\u00f1os de estudios en el \u00e1rea de la comunicaci\u00f3n, analizando la influencia de 100 obras de investigadores que actuaron en S\u00e3o Paulo consideradas relevantes para el estudio de la comunicaci\u00f3n brasile\u00f1a, desde cl\u00e1sicos como <em>Literatura e sociedade<\/em>, de Antonio Candido, hasta obras recientes, tal como <em>A imprensa e o dever da liberdade<\/em>, del periodista y profesor Eug\u00eanio Bucci. \u201cCon este evento pretendemos difundir en las carreras de comunicaci\u00f3n la bibliograf\u00eda espec\u00edfica brasile\u00f1a para acercarla a los alumnos\u201d, dice Sandra L\u00facia Amaral de Assis Reim\u00e3o, docente de la USP y una de las organizadoras del evento. La inscripci\u00f3n para participar en las conferencias es gratuita. \u201cLa idea es que al tener contacto con las obras y con investigaciones nacionales a los estudiantes pueda despert\u00e1rseles el inter\u00e9s por la investigaci\u00f3n en comunicaci\u00f3n\u201d, dice Amaral. Para reforzar la difusi\u00f3n, los res\u00famenes de las 100 obras ser\u00e1n compiladas en un libro que se editar\u00e1 este mismo a\u00f1o.<\/p>\n","protected":false},"excerpt":{"rendered":"100 obras relevantes","protected":false},"author":476,"featured_media":0,"comment_status":"open","ping_status":"open","sticky":false,"template":"","format":"standard","meta":{"_acf_changed":false,"_exactmetrics_skip_tracking":false,"_exactmetrics_sitenote_active":false,"_exactmetrics_sitenote_note":"","_exactmetrics_sitenote_category":0,"footnotes":""},"categories":[184],"tags":[289,295],"coauthors":[786],"class_list":["post-133619","post","type-post","status-publish","format-standard","hentry","category-estrategias-es","tag-comunicacion","tag-educacion"],"acf":[],"_links":{"self":[{"href":"https:\/\/revistapesquisa.fapesp.br\/es\/wp-json\/wp\/v2\/posts\/133619","targetHints":{"allow":["GET"]}}],"collection":[{"href":"https:\/\/revistapesquisa.fapesp.br\/es\/wp-json\/wp\/v2\/posts"}],"about":[{"href":"https:\/\/revistapesquisa.fapesp.br\/es\/wp-json\/wp\/v2\/types\/post"}],"author":[{"embeddable":true,"href":"https:\/\/revistapesquisa.fapesp.br\/es\/wp-json\/wp\/v2\/users\/476"}],"replies":[{"embeddable":true,"href":"https:\/\/revistapesquisa.fapesp.br\/es\/wp-json\/wp\/v2\/comments?post=133619"}],"version-history":[{"count":0,"href":"https:\/\/revistapesquisa.fapesp.br\/es\/wp-json\/wp\/v2\/posts\/133619\/revisions"}],"wp:attachment":[{"href":"https:\/\/revistapesquisa.fapesp.br\/es\/wp-json\/wp\/v2\/media?parent=133619"}],"wp:term":[{"taxonomy":"category","embeddable":true,"href":"https:\/\/revistapesquisa.fapesp.br\/es\/wp-json\/wp\/v2\/categories?post=133619"},{"taxonomy":"post_tag","embeddable":true,"href":"https:\/\/revistapesquisa.fapesp.br\/es\/wp-json\/wp\/v2\/tags?post=133619"},{"taxonomy":"author","embeddable":true,"href":"https:\/\/revistapesquisa.fapesp.br\/es\/wp-json\/wp\/v2\/coauthors?post=133619"}],"curies":[{"name":"wp","href":"https:\/\/api.w.org\/{rel}","templated":true}]}}