{"id":149698,"date":"2014-03-10T08:01:36","date_gmt":"2014-03-10T11:01:36","guid":{"rendered":"http:\/\/revistapesquisa.fapesp.br\/?p=149698"},"modified":"2015-08-06T16:49:07","modified_gmt":"2015-08-06T19:49:07","slug":"fenomenos-contemporaneos-2","status":"publish","type":"post","link":"https:\/\/revistapesquisa.fapesp.br\/es\/fenomenos-contemporaneos-2\/","title":{"rendered":"Fen\u00f3menos contempor\u00e1neos"},"content":{"rendered":"<p><span style=\"line-height: 1.5em;\">La hermos\u00edsima y dulcemente melanc\u00f3lica imagen impresa en la tapa de esta edici\u00f3n de <\/span><i style=\"line-height: 1.5em;\">Pesquisa FAPESP<\/i><span style=\"line-height: 1.5em;\">, una construcci\u00f3n de la mirada y la sensibilidad del fot\u00f3grafo alem\u00e1n Thomas Hoepker (agencia Magnum Photos), es una invitaci\u00f3n al lector para una breve inmersi\u00f3n en aguas no tan po\u00e9ticas, sino cient\u00edficas: el emprendimiento denominado Green Ocean Amazon, o simplemente GOAmazon. Este programa, que se lanz\u00f3 oficialmente el pasado 18 de febrero, con el apoyo de la FAPESP, de la Fundaci\u00f3n de Apoyo a la Investigaci\u00f3n Cient\u00edfica del Estado de Amazonas (Fapeam), del Departamento de Energ\u00eda y de la Fundaci\u00f3n Nacional de Ciencia (NSF) de Estados Unidos, cuenta con un presupuesto de 24 millones de reales y moviliza a un centenar de investigadores brasile\u00f1os, estadounidenses y alemanes en un esfuerzo por confirmar y describir los mecanismos de formaci\u00f3n de las lluvias en los cielos de Brasil y el efecto de la poluci\u00f3n de Manaos sobre el clima de la Amazonia. Dicho sea de paso, entre una y otra regi\u00f3n del pa\u00eds, e incluso en el interior de cada regi\u00f3n, son distintos los modos de acumulaci\u00f3n de agua y cristales de hielo en las nubes que culminar\u00e1n con precipitaciones abundantes. Vale la pena conocer m\u00e1s al respecto a trav\u00e9s de las manos seguras de Carlos Fioravanti, nuestro editor especial y autor del <a href=\"http:\/\/revistapesquisa.fapesp.br\/es\/2014\/03\/10\/un-oceano-en-los-aires\/\" target=\"_blank\">reportaje de tapa<\/a>, a partir de la p\u00e1gina 16, cuyo relato se embebe de poes\u00eda cuando puede, sin que por ello pierda su car\u00e1cter de rigurosa informaci\u00f3n period\u00edstica. Las elocuentes fotograf\u00edas capturadas con motivo del lanzamiento de GOAmazon son obra de Eduardo Cesar.<\/span><\/p>\n<p>No puedo resistir a la tentaci\u00f3n de contar aqu\u00ed mismo que el volumen de lluvia que cae sobre la cuenca amaz\u00f3nica se asemeja a un verdadero oc\u00e9ano (de ah\u00ed el nombre \u201cGreen Ocean\u201d). Son 27 billones de toneladas de agua por a\u00f1o. \u201cEn t\u00e9rminos concretos, si la lluvia se acumulara en lugar de escurrir a trav\u00e9s del suelo formar\u00eda una l\u00e1mina de agua con un espesor de 2,3 metros a lo largo de los 6,1 millones de kil\u00f3metros cuadrados de la cuenca amaz\u00f3nica, que se extiende por Brasil y por varios pa\u00edses vecinos\u201d, relata Fioravanti. En todo nuestro pa\u00eds, el volumen anual promedio de lluvias suma 14 billones de toneladas de agua, una cifra casi inimaginable por lo formidable para quienes contemplan en im\u00e1genes televisivas el descenso de las aguas de la represa de Atibainha m\u00e1s all\u00e1 del l\u00edmite m\u00ednimo de seguridad durante este comienzo de a\u00f1o tremendamente caluroso y seco en el sudeste. Si se acumulara, semejante volumen de agua \u201cformar\u00eda una capa de 1,7 m de altura que cubrir\u00eda todo el pa\u00eds\u201d, dice Fioravanti, conduci\u00e9ndome a evocar involuntariamente a la ficticia e inolvidable Buenos Aires inundada de <i>El viaje<\/i>, la pel\u00edcula del cineasta Fernando Solanas.<\/p>\n<p>Entre otros reportajes de gran relevancia de la presente edici\u00f3n, escoger\u00e9 para comentar en el espacio restante aqu\u00e9l referente a una amplia investigaci\u00f3n al respecto del denominado net activismo. Y lo hago teniendo en cuenta el enorme desaf\u00edo que representan, tanto para nuestra simple comprensi\u00f3n de ciudadanos como para las concepciones m\u00e1s refinadas en el campo de las humanidades, las grandes movilizaciones y manifestaciones callejeras contempor\u00e1neas que emergen en varios lugares del mundo, siempre aseguradas por las convocatorias v\u00eda redes sociales digitales. El estudio en cuesti\u00f3n, coordinado por el profesor de la Escuela de Comunicaci\u00f3n y Artes (ECA-USP) Massimo Di Felice y con la participaci\u00f3n de respetados pensadores de la comunicaci\u00f3n de otros pa\u00edses, como Michel Maffesoli, por ejemplo, ofrece una interpretaci\u00f3n entre otras posibles para el activismo digital, luego de analizarlo en tres momentos distintos, desde los a\u00f1os 1990 hasta el presente, lo cual, por lo tanto, abarca desde el movimiento Cyberpunk, por ejemplo, hasta la Primavera \u00c1rabe, el Occupy Wall Street y las jornadas de junio en Brasil, entre muchos otros. El estudio, centrado fundamentalmente en las formas de interacci\u00f3n entre los activistas, las redes digitales y su territorio, y no en las diferentes motivaciones pol\u00edticas de los movimientos, ofrece dos pistas principales para pensar este fen\u00f3meno: el zapatismo como fuente de inspiraci\u00f3n formal y el salto de la <i>web<\/i> 1.0 a la <i>web<\/i> 2.0 como clave real, y, por as\u00ed decirlo, infraestructural, del <i>boom<\/i> de dichos movimientos, tan amplios y diversos. Vale la pena detenerse un poco, a partir de la p\u00e1gina 70, <a href=\"http:\/\/revistapesquisa.fapesp.br\/es\/2014\/03\/10\/manifestaciones-neozapatistas\/\" target=\"_blank\">en el reportaje<\/a> de la periodista Juliana Sayuri. \u00a1Buena lectura!<\/p>\n","protected":false},"excerpt":{"rendered":"Fen\u00f3menos contempor\u00e1neos","protected":false},"author":414,"featured_media":0,"comment_status":"open","ping_status":"open","sticky":false,"template":"","format":"standard","meta":{"_acf_changed":false,"_exactmetrics_skip_tracking":false,"_exactmetrics_sitenote_active":false,"_exactmetrics_sitenote_note":"","_exactmetrics_sitenote_category":0,"footnotes":""},"categories":[180],"tags":[],"coauthors":[729],"class_list":["post-149698","post","type-post","status-publish","format-standard","hentry","category-editorial-es"],"acf":[],"_links":{"self":[{"href":"https:\/\/revistapesquisa.fapesp.br\/es\/wp-json\/wp\/v2\/posts\/149698","targetHints":{"allow":["GET"]}}],"collection":[{"href":"https:\/\/revistapesquisa.fapesp.br\/es\/wp-json\/wp\/v2\/posts"}],"about":[{"href":"https:\/\/revistapesquisa.fapesp.br\/es\/wp-json\/wp\/v2\/types\/post"}],"author":[{"embeddable":true,"href":"https:\/\/revistapesquisa.fapesp.br\/es\/wp-json\/wp\/v2\/users\/414"}],"replies":[{"embeddable":true,"href":"https:\/\/revistapesquisa.fapesp.br\/es\/wp-json\/wp\/v2\/comments?post=149698"}],"version-history":[{"count":0,"href":"https:\/\/revistapesquisa.fapesp.br\/es\/wp-json\/wp\/v2\/posts\/149698\/revisions"}],"wp:attachment":[{"href":"https:\/\/revistapesquisa.fapesp.br\/es\/wp-json\/wp\/v2\/media?parent=149698"}],"wp:term":[{"taxonomy":"category","embeddable":true,"href":"https:\/\/revistapesquisa.fapesp.br\/es\/wp-json\/wp\/v2\/categories?post=149698"},{"taxonomy":"post_tag","embeddable":true,"href":"https:\/\/revistapesquisa.fapesp.br\/es\/wp-json\/wp\/v2\/tags?post=149698"},{"taxonomy":"author","embeddable":true,"href":"https:\/\/revistapesquisa.fapesp.br\/es\/wp-json\/wp\/v2\/coauthors?post=149698"}],"curies":[{"name":"wp","href":"https:\/\/api.w.org\/{rel}","templated":true}]}}