{"id":149818,"date":"2014-02-12T08:02:19","date_gmt":"2014-02-12T10:02:19","guid":{"rendered":"http:\/\/revistapesquisa.fapesp.br\/?p=149818"},"modified":"2014-06-06T17:44:17","modified_gmt":"2014-06-06T20:44:17","slug":"paso-al-frente","status":"publish","type":"post","link":"https:\/\/revistapesquisa.fapesp.br\/es\/paso-al-frente\/","title":{"rendered":"Paso al frente"},"content":{"rendered":"<div id=\"attachment_149821\" style=\"max-width: 209px\" class=\"wp-caption alignright\"><img loading=\"lazy\" decoding=\"async\" class=\"size-medium wp-image-149821 \" alt=\"\u00c1rboles de la Amazonia...\" src=\"http:\/\/revistapesquisa.fapesp.br\/wp-content\/uploads\/2014\/06\/Bio_2JG0973-199x300.jpg\" width=\"199\" height=\"300\" \/><p class=\"wp-caption-text\"><span class=\"media-credits-inline\">L\u00e9o Ramos<\/span>\u00c1rboles de la Amazonia&#8230;<span class=\"media-credits\">L\u00e9o Ramos<\/span><\/p><\/div>\n<p><span style=\"line-height: 1.5em;\">La FAPESP y la National Science Foundation (NSF) dieron otro paso con miras a fortalecer el convenio establecido en 2011, enfocado en el estudio de la biodiversidad en Brasil. Durante el mes de diciembre pasado se emiti\u00f3 el tercer llamado a la presentaci\u00f3n de propuestas de cooperaci\u00f3n cient\u00edfica vinculadas con las principales l\u00edneas de financiaci\u00f3n de estudios sobre la diversidad biol\u00f3gica de ambas agencias, los programas Biota-FAPESP y Dimensions of Biodiversity. El objetivo consiste en promover la cooperaci\u00f3n en investigaci\u00f3n entre cient\u00edficos mediante proyectos que contribuyan al avance de los estudios sobre biodiversidad en Brasil y Estados Unidos. Los proyectos aprobados recibir\u00e1n un monto de hasta 2 millones de d\u00f3lares de cada fundaci\u00f3n.<\/span><\/p>\n<p>La idea es que las propuestas abarquen las tres dimensiones de la biodiversidad \u2012gen\u00e9tica, taxon\u00f3mica y funcional\u2012 con el prop\u00f3sito de intentar comprender c\u00f3mo contribuyen a la salud, al funcionamiento de los ecosistemas y a la adaptaci\u00f3n biol\u00f3gica en respuesta a los cambios ambientales. \u201cEl car\u00e1cter interdisciplinario que deben contemplar los proyectos remitidos es uno de los principales distintivos de esa cooperaci\u00f3n\u201d, dice Regina Costa de Oliveira, directora del \u00e1rea de biolog\u00eda, agronom\u00eda y veterinaria del Directorio Cient\u00edfico de la FAPESP y coordinadora del llamado a propuestas. Seg\u00fan ella, la FAPESP valora los convenios con grandes instituciones, como es el caso de la NSF, porque involucran a muchos investigadores y una intensa producci\u00f3n cient\u00edfica.<\/p>\n<p>La selecci\u00f3n de propuestas forma parte de una convocatoria m\u00e1s amplia, que todos los a\u00f1os publica el Dimensions of Biodiversity, que contempla la participaci\u00f3n de investigadores de instituciones estadounidenses en proyectos financiados por la NSF o lanzados en colaboraci\u00f3n con otras fundaciones. Entre 2003 y 2007 hubo un intenso intercambio de experiencias entre la coordinaci\u00f3n del programa Biota y la administraci\u00f3n de la NSF. Esos contactos contribuyeron para que, en 2010, la NSF iniciara un proyecto de 10 a\u00f1os de inversiones en investigaci\u00f3n, infraestructura de tecnolog\u00eda, fuerza laboral, recolecci\u00f3n y s\u00edntesis de datos, en una campa\u00f1a de estudios integrados con el objetivo de caracterizar la dimensi\u00f3n de la diversidad biol\u00f3gica de la Tierra. Por la misma \u00e9poca, la FAPESP renov\u00f3 por otros 10 a\u00f1os la continuidad del Biota-FAPESP. Entre los objetivos de la segunda fase se encuentran las colaboraciones internacionales, la expansi\u00f3n de la amplitud geogr\u00e1fica m\u00e1s all\u00e1 del estado de S\u00e3o Paulo, la ampliaci\u00f3n de las investigaciones sobre la biodiversidad costera y marina y priorizar la vertiente educativa, lo cual se est\u00e1 llevando adelante.<\/p>\n<div id=\"attachment_149825\" style=\"max-width: 210px\" class=\"wp-caption alignleft\"><img loading=\"lazy\" decoding=\"async\" class=\"size-medium wp-image-149825 \" alt=\"...del bosque atl\u00e1ntico: proyectos que pretenden mejorar la comprensi\u00f3n y evoluci\u00f3n de la biodiversidad vegetal\" src=\"http:\/\/revistapesquisa.fapesp.br\/wp-content\/uploads\/2014\/06\/Bio_00039875-2-200x300.jpg\" width=\"200\" height=\"300\" \/><p class=\"wp-caption-text\"><span class=\"media-credits-inline\">L\u00e9o Ramos<\/span>&#8230;del bosque atl\u00e1ntico: proyectos que pretenden mejorar la comprensi\u00f3n y evoluci\u00f3n de la biodiversidad vegetal<span class=\"media-credits\">L\u00e9o Ramos<\/span><\/p><\/div>\n<p>En 2013, el programa organiz\u00f3, en colaboraci\u00f3n con <i>Pesquisa FAPESP<\/i>, una serie de conferencias para debatir los desaf\u00edos ligados con la conservaci\u00f3n de los principales ecosistemas brasile\u00f1os, como forma de contribuir para mejorar la calidad de la educaci\u00f3n cient\u00edfica y ambiental en el pa\u00eds. Con 13 a\u00f1os de experiencia en la caracterizaci\u00f3n, conservaci\u00f3n, restauraci\u00f3n y uso sostenible de la biodiversidad, el Biota-FAPESP ha financiado m\u00e1s de 120 proyectos de investigaci\u00f3n, cuyos resultados han contribuido para que los responsables de la toma de decisi\u00f3n puedan identificar y caracterizar mejor las \u00e1reas prioritarias para la conservaci\u00f3n y restauraci\u00f3n en el estado de S\u00e3o Paulo.<\/p>\n<p>\u201cLas relaciones entre investigadores brasile\u00f1os y estadounidenses han promovido avances importantes en cuanto a nuestra comprensi\u00f3n de los procesos que regulan la diversificaci\u00f3n, mantenimiento y p\u00e9rdida de biodiversidad en Brasil\u201d, dice Simon Malcomber, coordinador del Dimensions of Biodiversity. Seg\u00fan Malcomber, se espera que esas actividades cooperativas promuevan el desarrollo cient\u00edfico y econ\u00f3mico de ambos pa\u00edses, generando una fuerza de trabajo ampliamente capacitada y comprometida internacionalmente con la investigaci\u00f3n ambiental.<\/p>\n<div id=\"attachment_149820\" style=\"max-width: 209px\" class=\"wp-caption alignright\"><img loading=\"lazy\" decoding=\"async\" class=\"size-medium wp-image-149820\" alt=\"\" src=\"http:\/\/revistapesquisa.fapesp.br\/wp-content\/uploads\/2014\/06\/Bio_2JG0957-199x300.jpg\" width=\"199\" height=\"300\" \/><p class=\"wp-caption-text\"><span class=\"media-credits-inline\">Eduardo Cesar<\/span>Flor de la Amazonia<span class=\"media-credits\">Eduardo Cesar<\/span><\/p><\/div>\n<p><b>Proyectos aprobados<br \/>\n<\/b>El resultado del primer llamado se anunci\u00f3 en septiembre de 2012. Un proyecto ambicioso, coordinado por la bi\u00f3loga L\u00facia Lohmann, del Instituto de Biociencias de la Universidad de S\u00e3o Paulo (USP), pretende comprender lo que condujo a la selva amaz\u00f3nica a albergar la mayor variedad de plantas y animales del mundo (<a href=\"http:\/\/revistapesquisa.fapesp.br\/es\/2012\/10\/24\/la-evoluci%C3%B3n-escrita-en-las-lianas\/\" target=\"_blank\"><i>lea en <\/i>Pesquisa FAPESP<i>, edici\u00f3n n\u00ba 200<\/i><\/a>). Para ello, un equipo multidisciplinario integrado por 30 investigadores brasile\u00f1os y estadounidenses trabaja para intentar reconstruir el parentesco, la historia evolutiva y la distribuci\u00f3n espacial de grupos animales y vegetales, tales como las Bignoni\u00e1ceas, la familia de plantas que incluye a los lapachos y los jacarand\u00e1s, y las Lecythidaceae, el grupo al que pertenece la nuez de Brasil (<i>Bertholletia excelsa<\/i>).<\/p>\n<p>Si el proyecto prospera, los investigadores creen que podr\u00e1n identificar los principales momentos de diversificaci\u00f3n de las especies de esos grupos y reconstruir su historial biogeogr\u00e1fico. De esa manera, pretenden comprender mejor el origen y evoluci\u00f3n de la biodiversidad de la regi\u00f3n. \u201cQueremos reconstruir la historia de la Amazonia durante los \u00faltimos 20 millones de a\u00f1os\u201d, comenta Lohmann. \u201cPero previamente necesitamos comprender mejor la cronolog\u00eda de la biodiversidad de la regi\u00f3n, as\u00ed como las transformaciones que ocurrieron en el ecosistema. S\u00f3lo as\u00ed lograremos entender la influencia de los eventos geol\u00f3gicos espec\u00edficos, como el surgimiento de los Andes, en la diversificaci\u00f3n de especies en la Amazonia\u201d. La investigadora tambi\u00e9n contempla investigar si dichos eventos de diversificaci\u00f3n se encuentran asociados con fen\u00f3menos clim\u00e1ticos y ciclos biogeoqu\u00edmicos, entre otros aspectos ambientales del pasado.<\/p>\n<p><b>Aan\u00e1lisis integrados<br \/>\n<\/b>Los trabajos se encuentran bastante avanzados y hasta ahora ya han producido cuatro art\u00edculos que fueron publicados, aparte de otros cinco que se encuentran en prensa. El a\u00f1o pasado, el proyecto fue citado por la revista <i>Science<\/i>, que destac\u00f3 su potencial para la producci\u00f3n de <i>insights <\/i>relacionados con la biodiversidad amaz\u00f3nica. Los grupos a\u00fan trabajan en forma aislada, pero Lohmann pretende reunirlos entre los d\u00edas 16 y 21 de febrero, en el Instituto Nacional de Investigaciones de la Amazonia (Inpa), en Manaos, para discutir los avances conseguidos durante este primer a\u00f1o de investigaci\u00f3n y determinar nuevas metas y protocolos de trabajo para 2014.<\/p>\n<div id=\"attachment_149824\" style=\"max-width: 300px\" class=\"wp-caption alignleft\"><img loading=\"lazy\" decoding=\"async\" class=\"size-full wp-image-149824 \" alt=\"\" src=\"http:\/\/revistapesquisa.fapesp.br\/wp-content\/uploads\/2014\/06\/Bio_00034143.jpg\" width=\"290\" height=\"193\" srcset=\"https:\/\/revistapesquisa.fapesp.br\/wp-content\/uploads\/2014\/06\/Bio_00034143.jpg 290w, https:\/\/revistapesquisa.fapesp.br\/wp-content\/uploads\/2014\/06\/Bio_00034143-120x80.jpg 120w, https:\/\/revistapesquisa.fapesp.br\/wp-content\/uploads\/2014\/06\/Bio_00034143-250x166.jpg 250w\" sizes=\"auto, (max-width: 290px) 100vw, 290px\" \/><p class=\"wp-caption-text\"><span class=\"media-credits-inline\">Eduardo Cesar<\/span>Un hongo del bosque atl\u00e1ntico: el objetivo es la identificaci\u00f3n de los principales picos de diversificaci\u00f3n de especies<span class=\"media-credits\">Eduardo Cesar<\/span><\/p><\/div>\n<p>En forma paralela, Lohmann est\u00e1 involucrada en otro proyecto, en este caso, de caracterizaci\u00f3n de la distribuci\u00f3n y diversidad de especies de la flora y fauna del bosque atl\u00e1ntico. El proyecto se aprob\u00f3 en 2013, durante el segundo llamado a la presentaci\u00f3n de propuestas FAPESP-NSF. Bajo la coordinaci\u00f3n de la bi\u00f3loga Cristina Miyaki, del Instituto de Biociencias de la USP, investigadores de diversas \u00e1reas est\u00e1n trabajando para entender mejor la historia del ecosistema, uno de los m\u00e1s degradados del pa\u00eds. En febrero, ellos se reunir\u00e1n en un <i>workshop<\/i> en la sede de la FAPESP en S\u00e3o Paulo. \u201cEl objetivo consiste en congregar a los investigadores para delinear lo que cada uno est\u00e1 haciendo, como manera de comenzar a pensar c\u00f3mo los avances de cada grupo pueden ayudar a mejorar la documentaci\u00f3n de los patrones de la biodiversidad en el bosque atl\u00e1ntico\u201d. Esa ser\u00e1 la primera vez que los equipos se encuentren frente a frente, comenta Regina Costa de Oliveira. \u201cQueremos promover esos encuentros anualmente\u201d, dice.<\/p>\n<p>\u201cEstamos entusiasmados con el potencial de \u00e9se y otros proyectos conjuntos para expandir nuestro conocimiento sobre los procesos que afectan la biodiversidad de esos dos ecosistemas brasile\u00f1os\u201d, comenta Malcomber, del Dimensions of Biodiversity. Pese a que solamente llevan dos a\u00f1os, \u00e9l dice hallarse satisfecho con la naturaleza cooperativa de los trabajos. \u201cLos equipos cient\u00edficos han hecho progresos significativos\u201d, a\u00f1ade. \u201cEsperamos que sigan ampliando las fronteras de la ciencia de la biodiversidad\u201d. Regina Costa de Oliveira opina que este tipo de colaboraciones incrementan la masa cr\u00edtica que piensa al respecto de los diversos temas relacionados con la biodiversidad. \u201cEstamos utilizando la biodiversidad brasile\u00f1a como punto de partida para un an\u00e1lisis que involucra una gran mezcla de especialidades, cuyas investigaciones tendr\u00e1n eco en otros varios pa\u00edses, sostiene.<\/p>\n","protected":false},"excerpt":{"rendered":"Un convenio re\u00fane a investigadores de Brasil y Estados Unidos","protected":false},"author":346,"featured_media":0,"comment_status":"open","ping_status":"open","sticky":false,"template":"","format":"standard","meta":{"_acf_changed":false,"_exactmetrics_skip_tracking":false,"_exactmetrics_sitenote_active":false,"_exactmetrics_sitenote_note":"","_exactmetrics_sitenote_category":0,"footnotes":""},"categories":[189],"tags":[275,300,303,310],"coauthors":[662],"class_list":["post-149818","post","type-post","status-publish","format-standard","hentry","category-politica-ct","tag-biodiversidad","tag-evolucion","tag-financiacion","tag-historia-es"],"acf":[],"_links":{"self":[{"href":"https:\/\/revistapesquisa.fapesp.br\/es\/wp-json\/wp\/v2\/posts\/149818","targetHints":{"allow":["GET"]}}],"collection":[{"href":"https:\/\/revistapesquisa.fapesp.br\/es\/wp-json\/wp\/v2\/posts"}],"about":[{"href":"https:\/\/revistapesquisa.fapesp.br\/es\/wp-json\/wp\/v2\/types\/post"}],"author":[{"embeddable":true,"href":"https:\/\/revistapesquisa.fapesp.br\/es\/wp-json\/wp\/v2\/users\/346"}],"replies":[{"embeddable":true,"href":"https:\/\/revistapesquisa.fapesp.br\/es\/wp-json\/wp\/v2\/comments?post=149818"}],"version-history":[{"count":0,"href":"https:\/\/revistapesquisa.fapesp.br\/es\/wp-json\/wp\/v2\/posts\/149818\/revisions"}],"wp:attachment":[{"href":"https:\/\/revistapesquisa.fapesp.br\/es\/wp-json\/wp\/v2\/media?parent=149818"}],"wp:term":[{"taxonomy":"category","embeddable":true,"href":"https:\/\/revistapesquisa.fapesp.br\/es\/wp-json\/wp\/v2\/categories?post=149818"},{"taxonomy":"post_tag","embeddable":true,"href":"https:\/\/revistapesquisa.fapesp.br\/es\/wp-json\/wp\/v2\/tags?post=149818"},{"taxonomy":"author","embeddable":true,"href":"https:\/\/revistapesquisa.fapesp.br\/es\/wp-json\/wp\/v2\/coauthors?post=149818"}],"curies":[{"name":"wp","href":"https:\/\/api.w.org\/{rel}","templated":true}]}}