{"id":151078,"date":"2014-04-14T09:01:08","date_gmt":"2014-04-14T12:01:08","guid":{"rendered":"http:\/\/revistapesquisa.fapesp.br\/?p=151078"},"modified":"2014-06-20T15:25:42","modified_gmt":"2014-06-20T18:25:42","slug":"el-misterio-del-murcielago-anaranjado","status":"publish","type":"post","link":"https:\/\/revistapesquisa.fapesp.br\/es\/el-misterio-del-murcielago-anaranjado\/","title":{"rendered":"El misterio del murci\u00e9lago anaranjado"},"content":{"rendered":"<p><span style=\"line-height: 1.5em;\"><img loading=\"lazy\" decoding=\"async\" class=\"alignright size-medium wp-image-151079\" alt=\"\" src=\"http:\/\/revistapesquisa.fapesp.br\/wp-content\/uploads\/2014\/06\/Fotolab_Morcego-224x300.jpg\" width=\"224\" height=\"300\" \/><span class=\"media-credits-inline\">F\u00e1bio Martins Labecca <\/span>El inusitado color anaranjado de este murci\u00e9lago intrig\u00f3 a cient\u00edficos de la Universidade Estadual Paulista (Unesp) de Rio Claro, en el interior de S\u00e3o Paulo. La explicaci\u00f3n para ese color podr\u00eda hallarse en ciertas caracter\u00edsticas hormonales, en la alimentaci\u00f3n o incluso en la exposici\u00f3n de esta especie (<\/span><i style=\"line-height: 1.5em;\">Phyllostomus hastatus<\/i><span style=\"line-height: 1.5em;\">) a ambientes con una alta concentraci\u00f3n de amon\u00edaco. El ejemplar, una hembra pre\u00f1ada, fue capturado por profesionales experimentados en el marco del proyecto de la bi\u00f3loga Renata Muylaert, que estudia de qu\u00e9 modo estos mam\u00edferos responden ante la p\u00e9rdida de su h\u00e1bitat en los remanentes del cerrado paulista. Muylaert realiz\u00f3 una maestr\u00eda en zoolog\u00eda bajo la supervisi\u00f3n del profesor Milton Cezar Ribeiro, de la Unesp, y la codirecci\u00f3n de Richard Stevens, de la Texas Tech University.<\/span><\/p>\n<p><em>Foto de F\u00e1bio Martins Labecca enviada por Renata Muylaert, del Laboratorio de Ecolog\u00eda Espacial y Conservaci\u00f3n de la Unesp de Rio Claro<\/em><\/p>\n","protected":false},"excerpt":{"rendered":"El misterio del murci\u00e9lago anaranjado","protected":false},"author":476,"featured_media":0,"comment_status":"open","ping_status":"open","sticky":false,"template":"","format":"standard","meta":{"_acf_changed":false,"_exactmetrics_skip_tracking":false,"_exactmetrics_sitenote_active":false,"_exactmetrics_sitenote_note":"","_exactmetrics_sitenote_category":0,"footnotes":""},"categories":[186],"tags":[278,293,335],"coauthors":[786],"class_list":["post-151078","post","type-post","status-publish","format-standard","hentry","category-fotolab-es","tag-biologia-es","tag-ecologia-es","tag-zoologia-es"],"acf":[],"_links":{"self":[{"href":"https:\/\/revistapesquisa.fapesp.br\/es\/wp-json\/wp\/v2\/posts\/151078","targetHints":{"allow":["GET"]}}],"collection":[{"href":"https:\/\/revistapesquisa.fapesp.br\/es\/wp-json\/wp\/v2\/posts"}],"about":[{"href":"https:\/\/revistapesquisa.fapesp.br\/es\/wp-json\/wp\/v2\/types\/post"}],"author":[{"embeddable":true,"href":"https:\/\/revistapesquisa.fapesp.br\/es\/wp-json\/wp\/v2\/users\/476"}],"replies":[{"embeddable":true,"href":"https:\/\/revistapesquisa.fapesp.br\/es\/wp-json\/wp\/v2\/comments?post=151078"}],"version-history":[{"count":0,"href":"https:\/\/revistapesquisa.fapesp.br\/es\/wp-json\/wp\/v2\/posts\/151078\/revisions"}],"wp:attachment":[{"href":"https:\/\/revistapesquisa.fapesp.br\/es\/wp-json\/wp\/v2\/media?parent=151078"}],"wp:term":[{"taxonomy":"category","embeddable":true,"href":"https:\/\/revistapesquisa.fapesp.br\/es\/wp-json\/wp\/v2\/categories?post=151078"},{"taxonomy":"post_tag","embeddable":true,"href":"https:\/\/revistapesquisa.fapesp.br\/es\/wp-json\/wp\/v2\/tags?post=151078"},{"taxonomy":"author","embeddable":true,"href":"https:\/\/revistapesquisa.fapesp.br\/es\/wp-json\/wp\/v2\/coauthors?post=151078"}],"curies":[{"name":"wp","href":"https:\/\/api.w.org\/{rel}","templated":true}]}}