{"id":151419,"date":"2014-04-24T09:05:01","date_gmt":"2014-04-24T12:05:01","guid":{"rendered":"http:\/\/revistapesquisa.fapesp.br\/?p=151419"},"modified":"2014-06-26T17:13:50","modified_gmt":"2014-06-26T20:13:50","slug":"el-arte-total-de-un-maestro-ochocentista","status":"publish","type":"post","link":"https:\/\/revistapesquisa.fapesp.br\/es\/el-arte-total-de-un-maestro-ochocentista\/","title":{"rendered":"El arte total de un maestro ochocentista"},"content":{"rendered":"<div id=\"attachment_151421\" style=\"max-width: 300px\" class=\"wp-caption alignright\"><img loading=\"lazy\" decoding=\"async\" class=\"size-full wp-image-151421 \" alt=\"Mata virgem, c.1850-1860, grafito y acuarela sobre papel\" src=\"http:\/\/revistapesquisa.fapesp.br\/wp-content\/uploads\/2014\/04\/Arte_6051.jpg\" width=\"290\" height=\"207\" srcset=\"https:\/\/revistapesquisa.fapesp.br\/wp-content\/uploads\/2014\/04\/Arte_6051.jpg 290w, https:\/\/revistapesquisa.fapesp.br\/wp-content\/uploads\/2014\/04\/Arte_6051-120x86.jpg 120w, https:\/\/revistapesquisa.fapesp.br\/wp-content\/uploads\/2014\/04\/Arte_6051-250x178.jpg 250w\" sizes=\"auto, (max-width: 290px) 100vw, 290px\" \/><p class=\"wp-caption-text\"><span class=\"media-credits-inline\">Divulgaci\u00f3n IMS<\/span><em>Mata virgem<\/em>, c.1850-1860, grafito y acuarela sobre papel<span class=\"media-credits\">Divulgaci\u00f3n IMS<\/span><\/p><\/div>\n<p><span style=\"line-height: 1.5em;\">Figura central del proyecto de constituci\u00f3n de una cultura nacional en el Brasil ochocentista, Manuel de Ara\u00fajo Porto-Alegre (1806-1879) es \u2012parad\u00f3jicamente\u2012 v\u00edctima de una perversa tendencia brasile\u00f1a consistente perpetuar mitos y optar por el camino de investigaci\u00f3n m\u00e1s c\u00f3modo. Ante la dificultad para reunir su obra dispersa y comprender c\u00f3mo alguien pudo, simult\u00e1neamente, ser neocl\u00e1sico y rom\u00e1ntico, artista, literato y hombre p\u00fablico, pintor de historia y defensor de la acuarela y del estudio de la naturaleza tropical, varias generaciones se contentaron con abonar su fama sin problematizar sus logros, ni alumbrar con mayor profundidad sus contradicciones u observar de cerca su producci\u00f3n. Tanto es as\u00ed, que reci\u00e9n ahora, m\u00e1s de dos siglos despu\u00e9s de su nacimiento, el Bar\u00f3n de Santo \u00c1ngelo (como tambi\u00e9n se lo conoc\u00eda), obtiene su primera exposici\u00f3n individual, en la sede del Instituto Moreira Salles (IMS), en R\u00edo de Janeiro.<\/span><\/p>\n<p>La muestra en cuesti\u00f3n, intitulada <i>Ara\u00fajo Porto-Alegre:<\/i> <i>singular &amp; plural<\/i>, que se articula en torno de un \u00e1lbum del artista que fue adquirido por el Instituto en 2008, tambi\u00e9n cuenta con obras cedidas por una decena de instituciones nacionales, entre las que figuran la Biblioteca Nacional, el Museo Hist\u00f3rico Nacional, el Museo Nacional de Bellas Artes y el Museo Julio de Castilhos. Por limitaciones de espacio, la versi\u00f3n carioca es peque\u00f1a, pero la edici\u00f3n paulistana de la muestra, que se inaugurar\u00e1 en el pr\u00f3ximo mes de junio, contar\u00e1 con m\u00e1s de una centena de pinturas, grabados, dibujos y acuarelas, con un recorte curatorial m\u00e1s amplio. Con todo, ya se le puede dar un vistazo en un voluminoso cat\u00e1logo, con m\u00e1s de 360 p\u00e1ginas, a la diversidad de temas, t\u00e9cnicas, estilos y medios por los cuales Porto-Alegre transita.<\/p>\n<div id=\"attachment_151422\" style=\"max-width: 300px\" class=\"wp-caption alignleft\"><img loading=\"lazy\" decoding=\"async\" class=\"size-full wp-image-151422 \" alt=\"Estudo para uma cena de batalha, s.d., grafito, tinta china y aguada sobre papel\" src=\"http:\/\/revistapesquisa.fapesp.br\/wp-content\/uploads\/2014\/04\/Arte_6441.jpg\" width=\"290\" height=\"177\" srcset=\"https:\/\/revistapesquisa.fapesp.br\/wp-content\/uploads\/2014\/04\/Arte_6441.jpg 290w, https:\/\/revistapesquisa.fapesp.br\/wp-content\/uploads\/2014\/04\/Arte_6441-120x73.jpg 120w, https:\/\/revistapesquisa.fapesp.br\/wp-content\/uploads\/2014\/04\/Arte_6441-250x153.jpg 250w\" sizes=\"auto, (max-width: 290px) 100vw, 290px\" \/><p class=\"wp-caption-text\"><span class=\"media-credits-inline\">Divulgaci\u00f3n IMS<\/span><em>Estudo para uma cena de batalha<\/em>, s.d., grafito, tinta china y aguada sobre papel<span class=\"media-credits\">Divulgaci\u00f3n IMS<\/span><\/p><\/div>\n<p>La publicaci\u00f3n, que compila un vast\u00edsimo material iconogr\u00e1fico, contiene tambi\u00e9n una selecci\u00f3n de ensayos in\u00e9ditos, firmados por investigadores invitados de diferentes \u00e1reas, en los cuales se desmenuzan distintos aspectos de su trayectoria, como por ejemplo, su relaci\u00f3n con el maestro Debret (Val\u00e9ria Picolli); la importancia que le asign\u00f3 al paisaje tropical como s\u00edmbolo del pa\u00eds, as\u00ed como su convivencia entre la formaci\u00f3n neocl\u00e1sica y la sensibilidad rom\u00e1ntica (Claudia Valad\u00e3o de Mattos); sus reflexiones acerca de la m\u00fasica (Paulo M. Kuhl), y una relectura cr\u00edtica de la complicada y contradictoria labor de la primera generaci\u00f3n rom\u00e1ntica \u2012de la cual Porto-Alegre forma parte\u2012 para fundar simb\u00f3licamente una nacionalidad brasile\u00f1a (Jo\u00e3o Cezar de Castro Rocha).<\/p>\n<p>Otro m\u00e9rito incuestionable de la publicaci\u00f3n radica en que agrupa y torna accesible un amplio conjunto de textos escritos por Ara\u00fajo Porto-Alegre, dif\u00edciles de localizar y fundamentales para los historiadores de la cultura en general. Al fin y al cabo, se trata de una figura casi omnipresente en la historia ochocentista nacional. Fue alumno de la primera promoci\u00f3n de la Escuela Imperial de Bellas Artes (Aiba) y posteriormente se desempe\u00f1\u00f3 all\u00ed como profesor y director. Tambi\u00e9n fue alumno dilecto de Jean-Baptiste Debret, con quien viaj\u00f3 a Francia en 1831. Y no se encasill\u00f3 de ninguna manera s\u00f3lo en las artes visuales. Fue arquitecto, escen\u00f3grafo, escritor, dramaturgo, cr\u00edtico de m\u00fasica y artes (siendo pionero en el intento por sentar las bases de una escuela brasile\u00f1a de arte), miembro del Instituto Hist\u00f3rico y Geogr\u00e1fico Brasile\u00f1o (IHGB), protegido de don Pedro I y de su hijo, don Pedro II, c\u00f3nsul brasile\u00f1o en el exterior&#8230;<\/p>\n<div id=\"attachment_151423\" style=\"max-width: 300px\" class=\"wp-caption alignright\"><img loading=\"lazy\" decoding=\"async\" class=\"size-full wp-image-151423 \" alt=\" \" src=\"http:\/\/revistapesquisa.fapesp.br\/wp-content\/uploads\/2014\/04\/Arte_6471.jpg\" width=\"290\" height=\"208\" srcset=\"https:\/\/revistapesquisa.fapesp.br\/wp-content\/uploads\/2014\/04\/Arte_6471.jpg 290w, https:\/\/revistapesquisa.fapesp.br\/wp-content\/uploads\/2014\/04\/Arte_6471-120x86.jpg 120w, https:\/\/revistapesquisa.fapesp.br\/wp-content\/uploads\/2014\/04\/Arte_6471-250x179.jpg 250w\" sizes=\"auto, (max-width: 290px) 100vw, 290px\" \/><p class=\"wp-caption-text\"><span class=\"media-credits-inline\">Divulgaci\u00f3n IMS<\/span><em>Cher compagnon de Voyage<\/em>, 1834, grafito sobre papel<span class=\"media-credits\">Divulgaci\u00f3n IMS<\/span><\/p><\/div>\n<p>Si bien ese eclecticismo \u2012no en vano recibi\u00f3 el antip\u00e1tico apelativo de \u201chombre todo\u201d\u2012 es, en gran medida, responsable de la reiterada idea de que se trataba de un artista mediocre, tambi\u00e9n contribuy\u00f3 para iluminar su rica trayectoria y el turbulento per\u00edodo en que vivi\u00f3. Seg\u00fan la opini\u00f3n de Let\u00edcia Squeff, quien ya hab\u00eda dedicado su maestr\u00eda al estudio de la producci\u00f3n cr\u00edtica de Porto-Alegre, el contacto con sus obras art\u00edsticas le permiti\u00f3 comprender una arista m\u00e1s sensible de su trayectoria. \u201cProcuramos estudiarlo desde un punto de vista totalizador\u201d, explica Squeff, curadora de la exposici\u00f3n en colaboraci\u00f3n con J\u00falia Kovensky, coordinadora de iconograf\u00eda del IMS. \u201cNo fue un mejor artista solamente porque para \u00e9l, el arte estaba en todo\u201d, sostiene, en un intento por explicar las recurrentes cr\u00edticas a la calidad de su pintura. En un texto publicado en el cat\u00e1logo, Rafael Cardoso realiz\u00f3 una interesante advertencia sobre el error de relegar a un segundo plano los trabajos sobre papel: \u201cSolamente un pensamiento viciado que insiste en relegar lo que no es pintura (de caballete), escultura o arquitectura a la condici\u00f3n de \u2018arte menor\u2019, explica que a\u00fan no se haya procedido a realizar un an\u00e1lisis profundo de sus acuarelas y dibujos, incluidas sus caricaturas, un \u00e1rea en la que resulta innegable su importancia, as\u00ed como sus bocetos y proyectos escenogr\u00e1ficos\u201d.<\/p>\n","protected":false},"excerpt":{"rendered":"Manuel Porto-Alegre definiu las bases de una escuela brasile\u00f1a de arte","protected":false},"author":484,"featured_media":0,"comment_status":"open","ping_status":"open","sticky":false,"template":"","format":"standard","meta":{"_acf_changed":false,"_exactmetrics_skip_tracking":false,"_exactmetrics_sitenote_active":false,"_exactmetrics_sitenote_note":"","_exactmetrics_sitenote_category":0,"footnotes":""},"categories":[177],"tags":[273],"coauthors":[1250],"class_list":["post-151419","post","type-post","status-publish","format-standard","hentry","category-artes-es","tag-artes-plasticas-es"],"acf":[],"_links":{"self":[{"href":"https:\/\/revistapesquisa.fapesp.br\/es\/wp-json\/wp\/v2\/posts\/151419","targetHints":{"allow":["GET"]}}],"collection":[{"href":"https:\/\/revistapesquisa.fapesp.br\/es\/wp-json\/wp\/v2\/posts"}],"about":[{"href":"https:\/\/revistapesquisa.fapesp.br\/es\/wp-json\/wp\/v2\/types\/post"}],"author":[{"embeddable":true,"href":"https:\/\/revistapesquisa.fapesp.br\/es\/wp-json\/wp\/v2\/users\/484"}],"replies":[{"embeddable":true,"href":"https:\/\/revistapesquisa.fapesp.br\/es\/wp-json\/wp\/v2\/comments?post=151419"}],"version-history":[{"count":0,"href":"https:\/\/revistapesquisa.fapesp.br\/es\/wp-json\/wp\/v2\/posts\/151419\/revisions"}],"wp:attachment":[{"href":"https:\/\/revistapesquisa.fapesp.br\/es\/wp-json\/wp\/v2\/media?parent=151419"}],"wp:term":[{"taxonomy":"category","embeddable":true,"href":"https:\/\/revistapesquisa.fapesp.br\/es\/wp-json\/wp\/v2\/categories?post=151419"},{"taxonomy":"post_tag","embeddable":true,"href":"https:\/\/revistapesquisa.fapesp.br\/es\/wp-json\/wp\/v2\/tags?post=151419"},{"taxonomy":"author","embeddable":true,"href":"https:\/\/revistapesquisa.fapesp.br\/es\/wp-json\/wp\/v2\/coauthors?post=151419"}],"curies":[{"name":"wp","href":"https:\/\/api.w.org\/{rel}","templated":true}]}}