{"id":151926,"date":"2014-01-13T09:21:59","date_gmt":"2014-01-13T11:21:59","guid":{"rendered":"http:\/\/revistapesquisa.fapesp.br\/?p=151926"},"modified":"2017-03-10T14:53:51","modified_gmt":"2017-03-10T17:53:51","slug":"detalles-ampliados","status":"publish","type":"post","link":"https:\/\/revistapesquisa.fapesp.br\/es\/detalles-ampliados\/","title":{"rendered":"Detalles ampliados"},"content":{"rendered":"<div id=\"attachment_151928\" style=\"max-width: 300px\" class=\"wp-caption alignright\"><img loading=\"lazy\" decoding=\"async\" class=\"size-full wp-image-151928 \" src=\"http:\/\/revistapesquisa.fapesp.br\/wp-content\/uploads\/2014\/07\/Inventario_como_viamos_1991_2001_50000.jpg\" alt=\"Cada vez m\u00e1s cerca: 20 a\u00f1os de una misma \u00e1rea de Dracena, una regi\u00f3n del noroeste paulista con uno de los menores \u00edndices de vegetaci\u00f3n nativa del estado de S\u00e3o Paulo. En 1991...\" width=\"290\" height=\"224\" srcset=\"https:\/\/revistapesquisa.fapesp.br\/wp-content\/uploads\/2014\/07\/Inventario_como_viamos_1991_2001_50000.jpg 290w, https:\/\/revistapesquisa.fapesp.br\/wp-content\/uploads\/2014\/07\/Inventario_como_viamos_1991_2001_50000-120x93.jpg 120w, https:\/\/revistapesquisa.fapesp.br\/wp-content\/uploads\/2014\/07\/Inventario_como_viamos_1991_2001_50000-250x193.jpg 250w\" sizes=\"auto, (max-width: 290px) 100vw, 290px\" \/><p class=\"wp-caption-text\"><span class=\"media-credits-inline\">INSTITUTO FLORESTAL<\/span>Cada vez m\u00e1s cerca: 20 a\u00f1os de una misma \u00e1rea de Dracena, una regi\u00f3n del noroeste paulista con uno de los menores \u00edndices de vegetaci\u00f3n nativa del estado de S\u00e3o Paulo. En 1991&#8230;<span class=\"media-credits\">INSTITUTO FLORESTAL<\/span><\/p><\/div>\n<p><span style=\"line-height: 1.5em;\">El Instituto Forestal de S\u00e3o Paulo (IF) comenzar\u00e1 a producir durante este mes de enero la cuarta edici\u00f3n del <\/span><i style=\"line-height: 1.5em;\">Invent\u00e1rio florestal da vegeta\u00e7\u00e3o natural do estado de S\u00e3o Paulo<\/i><span style=\"line-height: 1.5em;\">, que delimita las \u00e1reas de vegetaci\u00f3n nativa o de reforestaci\u00f3n en territorio paulista. En lugar de im\u00e1genes satelitales, como las utilizadas en las versiones anteriores, el equipo del Forestal utilizar\u00e1 fotograf\u00edas a\u00e9reas, cedidas por la Empresa Paulista de Planificaci\u00f3n Metropolitana (Emplasa), ampliando de tal modo 100 veces la resoluci\u00f3n espacial, en comparaci\u00f3n con la tercera edici\u00f3n, finalizada en 2009.<\/span><\/p>\n<p>La mejora en la resoluci\u00f3n espacial ampliar\u00e1 el tama\u00f1o conocido del \u00e1rea de vegetaci\u00f3n nativa \u2012bosque atl\u00e1ntico, cerrado y manglares\u2012 en S\u00e3o Paulo. En la tercera versi\u00f3n del inventario, el uso de im\u00e1genes satelitales con una resoluci\u00f3n cuatro veces mayor que la de la edici\u00f3n anterior permiti\u00f3 la visualizaci\u00f3n de \u00e1reas que pasaban desapercibidas y elev\u00f3 en un 25% el \u00e1rea de campi\u00f1as y bosques con diferentes niveles de conservaci\u00f3n, que actualmente, es de 4,34 millones de hect\u00e1reas, el equivalente al 17,5% del territorio paulista. Otros estados, como por ejemplo R\u00edo de Janeiro y Minas Gerais, realizaron estudios similares, aunque en una escala no tan detallada (<a href=\"http:\/\/revistapesquisa.fapesp.br\/es\/2010\/04\/01\/el-verde-clandestino\/\" target=\"_blank\"><i>lea en <\/i>Pesquisa FAPESP<i>, edici\u00f3n n\u00ba 170<\/i><\/a>).<\/p>\n<p>\u201cEl propio secretario de Medio Ambiente del estado, Bruno Covas, fue quien solicit\u00f3 la realizaci\u00f3n de una versi\u00f3n actualizada del inventario, en mayo de 2013\u201d, comenta Marco Aur\u00e9lio Nalon, investigador del IF y coordinador del trabajo. El <i>Invent\u00e1rio florestal<\/i> se convirti\u00f3 en un documento fundamental para el establecimiento de directrices oficiales capaces de colaborar con las pol\u00edticas ambientales y los estudios sobre la biodiversidad en el estado. La segunda edici\u00f3n, presentada en p\u00fablico en 2003 con el apoyo del Programa Biota-FAPESP, promovi\u00f3 la creaci\u00f3n de una ley de protecci\u00f3n de los remanentes de vegetaci\u00f3n nativa en el territorio paulista (<i>lea en <\/i>Pesquisa FAPESP<i>, edici\u00f3n n\u00ba 91<\/i>).<\/p>\n<div id=\"attachment_151929\" style=\"max-width: 300px\" class=\"wp-caption alignleft\"><img loading=\"lazy\" decoding=\"async\" class=\"size-full wp-image-151929 \" src=\"http:\/\/revistapesquisa.fapesp.br\/wp-content\/uploads\/2014\/07\/Inventario_como_viamos_2008_09_25000.jpg\" alt=\"...en 2008...\" width=\"290\" height=\"224\" srcset=\"https:\/\/revistapesquisa.fapesp.br\/wp-content\/uploads\/2014\/07\/Inventario_como_viamos_2008_09_25000.jpg 290w, https:\/\/revistapesquisa.fapesp.br\/wp-content\/uploads\/2014\/07\/Inventario_como_viamos_2008_09_25000-120x93.jpg 120w, https:\/\/revistapesquisa.fapesp.br\/wp-content\/uploads\/2014\/07\/Inventario_como_viamos_2008_09_25000-250x193.jpg 250w\" sizes=\"auto, (max-width: 290px) 100vw, 290px\" \/><p class=\"wp-caption-text\"><span class=\"media-credits-inline\">INSTITUTO FLORESTAL<\/span>&#8230;en 2008&#8230;<span class=\"media-credits\">INSTITUTO FLORESTAL<\/span><\/p><\/div>\n<p><b>Un mapa cada dos meses<br \/>\n<\/b>La planificaci\u00f3n de la cuarta edici\u00f3n, presupuestada en 2 millones de reales, prev\u00e9 el dise\u00f1o de un mapa simplificado cada dos meses, por cuenca hidrogr\u00e1fica, para colaborar en las actividades de campo de los organismos de fiscalizaci\u00f3n, tales como la Polic\u00eda Ambiental y el Departamento de Protecci\u00f3n de los Recursos Naturales. Otra de las novedades radica en que, por primera vez, la producci\u00f3n de los mapas se le encomendar\u00e1 a una empresa externa. \u00c9sta ser\u00e1 seleccionada al comienzo del mes de enero mediante una licitaci\u00f3n electr\u00f3nica, para comenzar inmediatamente la producci\u00f3n de los mapas, bajo la supervisi\u00f3n del equipo del instituto.<\/p>\n<p>\u201cYa contamos con las im\u00e1genes que utilizaremos\u201d, dice Nalon, se\u00f1alando uno de los tres <i>hard disc<\/i> que est\u00e1n sobre su mesa de trabajo, entre tres monitores de computadora; en las paredes pueden verse las fotograf\u00edas de monta\u00f1as de Estados Unidos que \u00e9l escal\u00f3 a lo largo de su carrera de monta\u00f1ista que comenz\u00f3 en 1985. \u201cSe trata de 1.292 ortofotograf\u00edas a\u00e9reas del estado de S\u00e3o Paulo, en escala 1:25.000, con una resoluci\u00f3n espacial de 1 metro\u201d. Y compara: para las dos primeras versiones del inventario, la superficie m\u00ednima analizada era de 2 a 3 hect\u00e1reas, el equivalente a dos o tres campos de f\u00fatbol. En 2010, para la tercera edici\u00f3n, el \u00e1rea m\u00ednima se redujo a 2.500 metros cuadrados (m<sup>2<\/sup>), la cuarta parte de un campo de f\u00fatbol, con mucho mayor detalle. Ahora, seg\u00fan afirma, con las fotograf\u00edas a\u00e9reas, el \u00e1rea m\u00ednima ser\u00e1 de 900 a 1000 m<sup>2<\/sup>, una d\u00e9cima parte de un campo de f\u00fatbol. \u201c\u00c9ste es el material de nuestros sue\u00f1os\u201d, celebra.<\/p>\n<p>El aumento en la resoluci\u00f3n y el nuevo modelo de organizaci\u00f3n, que har\u00e1 posible la producci\u00f3n permanente de mapas a lo largo del a\u00f1o, representan un enorme avance en relaci\u00f3n con la primera edici\u00f3n del <i>Invent\u00e1rio florestal<\/i>, de 1993. El primer mapa que se obtuvo a partir de las im\u00e1genes provistas por el sat\u00e9lite Landsat, luego de dos a\u00f1os de trabajo manual, mide 4 metros de ancho por 3 de alto y actualmente ocupa una de las salas del Laboratorio de Geoprocesamiento del instituto.<\/p>\n<div id=\"attachment_151927\" style=\"max-width: 300px\" class=\"wp-caption alignright\"><img loading=\"lazy\" decoding=\"async\" class=\"size-full wp-image-151927 \" src=\"http:\/\/revistapesquisa.fapesp.br\/wp-content\/uploads\/2014\/07\/Inventario_como_veremos_2014_10000.jpg\" alt=\"...en 2014\" width=\"290\" height=\"224\" srcset=\"https:\/\/revistapesquisa.fapesp.br\/wp-content\/uploads\/2014\/07\/Inventario_como_veremos_2014_10000.jpg 290w, https:\/\/revistapesquisa.fapesp.br\/wp-content\/uploads\/2014\/07\/Inventario_como_veremos_2014_10000-120x93.jpg 120w, https:\/\/revistapesquisa.fapesp.br\/wp-content\/uploads\/2014\/07\/Inventario_como_veremos_2014_10000-250x193.jpg 250w\" sizes=\"auto, (max-width: 290px) 100vw, 290px\" \/><p class=\"wp-caption-text\"><span class=\"media-credits-inline\">INSTITUTO FLORESTAL<\/span>&#8230;en 2014<span class=\"media-credits\">INSTITUTO FLORESTAL<\/span><\/p><\/div>\n<p>\u201cPeg\u00e1bamos en una pared 416 cartas topogr\u00e1ficas del IBGE, las un\u00edamos, las fotografi\u00e1bamos y las reduc\u00edamos a una escala de 1:250.000\u201d, recuerda Nalon. \u201cCuando alguien aqu\u00ed se empieza a quejar le pregunto: \u2018\u00bfQuieres pintar?\u2019. Y lo mando a ver el mapa. Ahora se escanean todas las im\u00e1genes y la interpretaci\u00f3n es semiautom\u00e1tica, pero he pintado muchos mapas como \u00e9ste, con un marcador\u201d. Visto de cerca, el mapa es claramente artesanal: las \u00e1reas de vegetaci\u00f3n \u2012bosque atl\u00e1ntico, manglar y cerrado\u2012 y de reforestaci\u00f3n con pinos o eucalipto se encuentran pintadas a mano con diferentes colores; las \u00e1reas urbanas aparecen en blanco, y etiquetitas mecanografiadas nombran a las unidades de conservaci\u00f3n.<\/p>\n<p>F\u00edsico de carrera, Nalon recibi\u00f3 en 1991 el encargo de modernizar la producci\u00f3n del mapa de la vegetaci\u00f3n nativa del estado de S\u00e3o Paulo mediante computaci\u00f3n gr\u00e1fica y programas de interpretaci\u00f3n de im\u00e1genes. Con el m\u00e9todo anterior, completamente manual, resultaba dif\u00edcil comprobar si un \u00e1rea con cobertura vegetal hab\u00eda crecido o disminuido entre un a\u00f1o y otro. \u201cDispon\u00edamos la imagen satelital sobre una mesa transiluminada, luego, una hoja transparente sobre la imagen, y, con tinta china, dibuj\u00e1bamos los fragmentos de vegetaci\u00f3n nativa, traz\u00e1bamos los contornos a mano y mediante un dispositivo calcul\u00e1bamos el \u00e1rea de cada fragmento\u201d, recuerda. \u201cElabor\u00e1bamos las fichas de los fragmentos, cada una con un n\u00famero, y la rotul\u00e1bamos en una planilla digital, en la computadora\u201d.<br \/>\n<span style=\"line-height: 1.5em;\"><br \/>\n<strong>Publicaciones<\/strong><br \/>\n<\/span>KRONKA, F.J.N.<em> et al<\/em>. <a href=\"http:\/\/www.iflorestal.sp.gov.br\/sifesp\/publicacoes.html\" target=\"_blank\">Invent\u00e1rio florestal do estado de S\u00e3o Paulo<\/a>. <b>IF<\/b>, 1993.<br \/>\nKRONKA, F.J.N. <em>et al<\/em>. <a href=\"http:\/\/www.iflorestal.sp.gov.br\/sifesp\/publicacoes.html\" target=\"_blank\">\u00c1reas de dom\u00ednio do cerrado no estado de S\u00e3o Paulo<\/a>. <b>IF<\/b>, 1998.<br \/>\nKRONKA, F.J.N.<em> et al<\/em>. <a href=\"http:\/\/www.iflorestal.sp.gov.br\/sifesp\/publicacoes.html\" target=\"_blank\">Invent\u00e1rio florestal das \u00e1reas reflorestadas do estado de S\u00e3o Paulo<\/a>. <b>IF<\/b>, 2002.<br \/>\nKRONKA, F.J.N. <em>et al.<\/em> <a href=\"http:\/\/www.iflorestal.sp.gov.br\/sifesp\/publicacoes.html\" target=\"_blank\">Invent\u00e1rio florestal da vegeta\u00e7\u00e3o natural do estado de S\u00e3o Paulo<\/a>. <b>IF<\/b>, 2005.<br \/>\nKRONKA, F.J.N. <em>et al<\/em>. <a href=\"http:\/\/www.iflorestal.sp.gov.br\/sifesp\/publicacoes.html\" target=\"_blank\">Invent\u00e1rio florestal da vegeta\u00e7\u00e3o natural do estado de S\u00e3o Paulo: Regi\u00f5es Administrativas de S\u00e3o Jos\u00e9 dos Campos (Litoral), Baixada Santista e Registro<\/a>.<b> IF<\/b>, 2007.<\/p>\n","protected":false},"excerpt":{"rendered":"Invent\u00e1rio ampliar\u00e1 la resoluci\u00f3n espacial de la vegetaci\u00f3n nativa en SP","protected":false},"author":17,"featured_media":0,"comment_status":"closed","ping_status":"closed","sticky":false,"template":"","format":"standard","meta":{"_acf_changed":false,"_exactmetrics_skip_tracking":false,"_exactmetrics_sitenote_active":false,"_exactmetrics_sitenote_note":"","_exactmetrics_sitenote_category":0,"footnotes":""},"categories":[189],"tags":[],"coauthors":[5968],"class_list":["post-151926","post","type-post","status-publish","format-standard","hentry","category-politica-ct"],"acf":[],"_links":{"self":[{"href":"https:\/\/revistapesquisa.fapesp.br\/es\/wp-json\/wp\/v2\/posts\/151926","targetHints":{"allow":["GET"]}}],"collection":[{"href":"https:\/\/revistapesquisa.fapesp.br\/es\/wp-json\/wp\/v2\/posts"}],"about":[{"href":"https:\/\/revistapesquisa.fapesp.br\/es\/wp-json\/wp\/v2\/types\/post"}],"author":[{"embeddable":true,"href":"https:\/\/revistapesquisa.fapesp.br\/es\/wp-json\/wp\/v2\/users\/17"}],"replies":[{"embeddable":true,"href":"https:\/\/revistapesquisa.fapesp.br\/es\/wp-json\/wp\/v2\/comments?post=151926"}],"version-history":[{"count":0,"href":"https:\/\/revistapesquisa.fapesp.br\/es\/wp-json\/wp\/v2\/posts\/151926\/revisions"}],"wp:attachment":[{"href":"https:\/\/revistapesquisa.fapesp.br\/es\/wp-json\/wp\/v2\/media?parent=151926"}],"wp:term":[{"taxonomy":"category","embeddable":true,"href":"https:\/\/revistapesquisa.fapesp.br\/es\/wp-json\/wp\/v2\/categories?post=151926"},{"taxonomy":"post_tag","embeddable":true,"href":"https:\/\/revistapesquisa.fapesp.br\/es\/wp-json\/wp\/v2\/tags?post=151926"},{"taxonomy":"author","embeddable":true,"href":"https:\/\/revistapesquisa.fapesp.br\/es\/wp-json\/wp\/v2\/coauthors?post=151926"}],"curies":[{"name":"wp","href":"https:\/\/api.w.org\/{rel}","templated":true}]}}