{"id":153203,"date":"2014-06-16T09:06:43","date_gmt":"2014-06-16T12:06:43","guid":{"rendered":"http:\/\/revistapesquisa.fapesp.br\/?p=153203"},"modified":"2014-07-28T15:02:54","modified_gmt":"2014-07-28T18:02:54","slug":"tematicos-y-joven-investigador-recientes-26","status":"publish","type":"post","link":"https:\/\/revistapesquisa.fapesp.br\/es\/tematicos-y-joven-investigador-recientes-26\/","title":{"rendered":"Tem\u00e1ticos y joven investigador recientes"},"content":{"rendered":"<p><b style=\"line-height: 1.5em;\">Tem\u00e1ticos<br \/>\n<\/b><b style=\"line-height: 1.5em;\">Efectos gen\u00f3micos vs. no gen\u00f3micos de las hormonas tiroideas: modificaci\u00f3n de paradigmas, implicaciones fisiol\u00f3gicas y perspectivas terap\u00e9uticas<br \/>\n<\/b>Investigadora responsable: Maria Tereza Nunes<br \/>\nInstituci\u00f3n: Instituto de Ciencias Biom\u00e9dicas\/ USP<br \/>\nProceso: 2013\/ 05629-4<br \/>\nVigencia: del 01\/05\/2014 al 30\/04\/2019<\/p>\n<p><b>Producci\u00f3n de L-Asparaginasa extracelular: de la bioprospecci\u00f3n a la ingenier\u00eda de un biof\u00e1rmaco antileuc\u00e9mico<br \/>\n<\/b>Investigador responsable: Adalberto Pessoa J\u00fanior<br \/>\nInstituci\u00f3n: Facultad de Ciencias Farmac\u00e9uticas\/ USP<br \/>\nProceso: 2013\/ 08617-7<br \/>\nVigencia: del 01\/07\/2014 al 30\/06\/2019<\/p>\n<p><b>Pel\u00edculas nanoestructuradas de materiales de inter\u00e9s biol\u00f3gico<br \/>\n<\/b>Investigador responsable: Osvaldo Novais de Oliveira Junior<br \/>\nInstituci\u00f3n: Instituto de F\u00edsica de S\u00e3o Carlos\/ USP<br \/>\nProceso: 2013\/ 14262-7<br \/>\nVigencia: del 01\/05\/2014 al 30\/04\/2019<\/p>\n<p><b>Planificaci\u00f3n, s\u00edntesis y actividad tripanosomicida de inhibidores covalentes reversibles de la enzima cruza\u00edna<br \/>\n<\/b>Investigador responsable: Carlos Alberto Montanari<br \/>\nInstituci\u00f3n: Instituto de Qu\u00edmica de S\u00e3o Carlos\/ USP<br \/>\nProceso: 2013\/ 18009-4<br \/>\nVigencia: del 01\/05\/2014 al 30\/04\/2019<\/p>\n<p><b>Proyecto Interfaz: relaciones entre estructura del ecosistema, procesos ecol\u00f3gicos, biodiversidad y servicios ecosist\u00e9micos<br \/>\n<\/b>Investigador responsable: Jean Paul Walter Metzger<br \/>\nInstituci\u00f3n: Instituto de Biociencias\/ USP<br \/>\nProceso: 2013\/ 23457-6<br \/>\nVigencia: del 01\/05\/2014 al 30\/04\/2019<\/p>\n<p><b style=\"line-height: 1.5em;\">Qu\u00edmica supramolecular y nanotecnolog\u00eda<br \/>\n<\/b>Investigador responsable: Henrique Eisi Toma<br \/>\nInstituci\u00f3n: Instituto de Qu\u00edmica\/ USP<br \/>\nProceso: 2013\/ 24725-4<br \/>\nVigencia: del 01\/05\/2014 al 30\/04\/2019<\/p>\n<p><b>Cepema &#8211; Centro Cooperativo en Ingenier\u00eda Ambiental<br \/>\n<\/b>Investigador responsable: Claudio Augusto Oller do Nascimento<br \/>\nInstituci\u00f3n: Escuela Polit\u00e9cnica\/ USP<br \/>\nProceso: 2013\/ 50218-2<br \/>\nVigencia:<b> <\/b>del 01\/05\/2014 al 30\/04\/2018<\/p>\n<p><b>Restauraci\u00f3n ecol\u00f3gica de bosques en galer\u00eda, de bosques nativos con producci\u00f3n econ\u00f3mica y de fragmentos forestales degradados (en app y rl), con base en la ecolog\u00eda de restauraci\u00f3n de ecosistemas. (Biota\/ FAPESP)<br \/>\n<\/b>Investigador responsable: Ricardo Ribeiro Rodrigues<br \/>\nInstituci\u00f3n: Escuela Superior de Agricultura Luiz de Queiroz\/ USP<br \/>\nProceso: 2013\/ 50718-5<br \/>\nVigencia: del 01\/02\/2014 al 31\/01\/2019<\/p>\n<p><strong>Joven investigador<br \/>\n<\/strong><b>El rol de la se\u00f1alizaci\u00f3n purin\u00e9rgica y de la se\u00f1alizaci\u00f3n SOCS-JAK-STAT en los efectos antiinflamatorios del ejercicio aer\u00f3bico en modelos experimentales de asma y en pacientes asm\u00e1ticos<br \/>\n<\/b>Investigador responsable: Rodolfo de Paula Vieira<br \/>\nInstituci\u00f3n: Universidad Nove de Julho &#8211; <i>Campus<\/i> Vergueiro\/ Uninove<br \/>\nProceso: 2012\/ 15165-2<br \/>\nVigencia: del 01\/04\/2014 al 31\/03\/2018<\/p>\n<p><b>Centro de caracterizaci\u00f3n de nuevas especies minerales: espectroscopia Raman, difracci\u00f3n por rayos X y neutrones, y microsonda electr\u00f3nica<br \/>\n<\/b>Investigador responsable: Marcelo Barbosa de Andrade<br \/>\nInstituci\u00f3n: Instituto de F\u00edsica de S\u00e3o Carlos\/ USP<br \/>\nProceso: 2013\/ 03487-8<br \/>\nVigencia: del 01\/07\/2014 al 30\/06\/2018<\/p>\n<p><b>Sistemas de desarrollo para una visualizaci\u00f3n directa de las im\u00e1genes radiol\u00f3gicas tridimensionales, sus aplicaciones diagn\u00f3sticas y utilizaci\u00f3n en la ense\u00f1anza de la neuroanatom\u00eda<br \/>\n<\/b>Investigador responsable: Daniel Souza Ferreira Magalh\u00e3es<br \/>\nInstituci\u00f3n:<b> <\/b>Facultad de Ciencias M\u00e9dicas\/ Unicamp<br \/>\nProceso: 2013\/ 13272-9<br \/>\nVigencia: del 01\/05\/2014 al 30\/04\/2018<\/p>\n<p><b style=\"line-height: 1.5em;\">T\u00e9cnicas de luz sincrotr\u00f3n bajo condiciones extremas<br \/>\n<\/b>Investigador responsable:<b> <\/b>Narcizo Marques de Souza Neto<br \/>\nInstituci\u00f3n: Centro Nacional de Investigaci\u00f3n en Energ\u00eda y Materiales\/ MCTI<br \/>\nProceso: 2013\/ 22436-5<br \/>\nVigencia: del 01\/04\/2014 al 31\/03\/2018<\/p>\n<p><b>Adquisici\u00f3n y perfeccionamiento de las funciones ejecutivas: un programa con enfoque en la independencia y calidad de vida de los adultos con discapacidad intelectual. (FAPESP-Apae de S\u00e3o Paulo)<br \/>\n<\/b>Investigadora responsable: Adriana Augusto Raimundo de Aguiar<br \/>\nInstituci\u00f3n: Asociaci\u00f3n de Padres y Amigos de Personas con Capacidades Diferentes &#8211; S\u00e3o Paulo\/ Apae<br \/>\nProceso: 2013\/ 50194-6<br \/>\nVigencia: del 01\/04\/2014 al 31\/03\/2018<\/p>\n","protected":false},"excerpt":{"rendered":"Proyectos contratados en abril y mayo de 2014","protected":false},"author":476,"featured_media":0,"comment_status":"open","ping_status":"open","sticky":false,"template":"","format":"standard","meta":{"_acf_changed":false,"_exactmetrics_skip_tracking":false,"_exactmetrics_sitenote_active":false,"_exactmetrics_sitenote_note":"","_exactmetrics_sitenote_category":0,"footnotes":""},"categories":[182],"tags":[303],"coauthors":[785,786],"class_list":["post-153203","post","type-post","status-publish","format-standard","hentry","category-proyectos","tag-financiacion"],"acf":[],"_links":{"self":[{"href":"https:\/\/revistapesquisa.fapesp.br\/es\/wp-json\/wp\/v2\/posts\/153203","targetHints":{"allow":["GET"]}}],"collection":[{"href":"https:\/\/revistapesquisa.fapesp.br\/es\/wp-json\/wp\/v2\/posts"}],"about":[{"href":"https:\/\/revistapesquisa.fapesp.br\/es\/wp-json\/wp\/v2\/types\/post"}],"author":[{"embeddable":true,"href":"https:\/\/revistapesquisa.fapesp.br\/es\/wp-json\/wp\/v2\/users\/476"}],"replies":[{"embeddable":true,"href":"https:\/\/revistapesquisa.fapesp.br\/es\/wp-json\/wp\/v2\/comments?post=153203"}],"version-history":[{"count":0,"href":"https:\/\/revistapesquisa.fapesp.br\/es\/wp-json\/wp\/v2\/posts\/153203\/revisions"}],"wp:attachment":[{"href":"https:\/\/revistapesquisa.fapesp.br\/es\/wp-json\/wp\/v2\/media?parent=153203"}],"wp:term":[{"taxonomy":"category","embeddable":true,"href":"https:\/\/revistapesquisa.fapesp.br\/es\/wp-json\/wp\/v2\/categories?post=153203"},{"taxonomy":"post_tag","embeddable":true,"href":"https:\/\/revistapesquisa.fapesp.br\/es\/wp-json\/wp\/v2\/tags?post=153203"},{"taxonomy":"author","embeddable":true,"href":"https:\/\/revistapesquisa.fapesp.br\/es\/wp-json\/wp\/v2\/coauthors?post=153203"}],"curies":[{"name":"wp","href":"https:\/\/api.w.org\/{rel}","templated":true}]}}