{"id":153237,"date":"2014-06-16T09:06:46","date_gmt":"2014-06-16T12:06:46","guid":{"rendered":"http:\/\/revistapesquisa.fapesp.br\/?p=153237"},"modified":"2014-07-28T17:43:29","modified_gmt":"2014-07-28T20:43:29","slug":"conservacion-ambiental","status":"publish","type":"post","link":"https:\/\/revistapesquisa.fapesp.br\/es\/conservacion-ambiental\/","title":{"rendered":"Conservaci\u00f3n ambiental"},"content":{"rendered":"<div id=\"attachment_153238\" style=\"max-width: 300px\" class=\"wp-caption alignright\"><img loading=\"lazy\" decoding=\"async\" class=\"size-full wp-image-153238 \" alt=\"Jos\u00e9 Goldemberg y Paulo Nogueira-Neto: trayectorias reconocidas por la red WWF\" src=\"http:\/\/revistapesquisa.fapesp.br\/wp-content\/uploads\/2014\/07\/Estrategias_retratos_2901.jpg\" width=\"290\" height=\"230\" srcset=\"https:\/\/revistapesquisa.fapesp.br\/wp-content\/uploads\/2014\/07\/Estrategias_retratos_2901.jpg 290w, https:\/\/revistapesquisa.fapesp.br\/wp-content\/uploads\/2014\/07\/Estrategias_retratos_2901-120x95.jpg 120w, https:\/\/revistapesquisa.fapesp.br\/wp-content\/uploads\/2014\/07\/Estrategias_retratos_2901-250x198.jpg 250w\" sizes=\"auto, (max-width: 290px) 100vw, 290px\" \/><p class=\"wp-caption-text\"><span class=\"media-credits-inline\"> MIGUEL BOYAYAN\u2002E EDUARDO CESAR<\/span>Jos\u00e9 Goldemberg y Paulo Nogueira-Neto: trayectorias reconocidas por la red WWF<span class=\"media-credits\"> MIGUEL BOYAYAN\u2002E EDUARDO CESAR<\/span><\/p><\/div>\n<p>El f\u00edsico Jos\u00e9 Goldemberg, rector de la Universidad de S\u00e3o Paulo (USP) entre 1986 y 1990 y docente del Instituto de Energ\u00eda y Ambiente, y Paulo Nogueira-Neto, profesor em\u00e9rito del Instituto de Biociencias de la USP y pionero del ambientalismo en Brasil, recibieron el premio internacional al M\u00e9rito en Conservaci\u00f3n que otorga la Red WWF (World Wildlife Fund), por sus aportes durante los \u00faltimos a\u00f1os a la causa de la conservaci\u00f3n ambiental. La ceremonia de distinci\u00f3n se realiz\u00f3 durante el simposio anual de la WWF, una organizaci\u00f3n que act\u00faa en m\u00e1s de 100 pa\u00edses desarrollando proyectos de conservaci\u00f3n ambiental. En el evento, que se llev\u00f3 a cabo por primera vez en el pa\u00eds, tambi\u00e9n se galardon\u00f3 a Jos\u00e9 Roberto Marinho, presidente de la Fundaci\u00f3n Roberto Marinho; \u00c1lvaro de Souza, vicepresidente del consejo del WWF Brasil; Claudio Maretti, l\u00edder de la iniciativa Amazonia Viva, de la WWF, y Rosa Lemos de S\u00e1, secretaria general del FunBio (Fondo Brasile\u00f1o de la Biodiversidad). La ge\u00f3grafa y profesora em\u00e9rita de la Universidad Federal de R\u00edo de Janeiro, Bertha Koiffmann Becker y la ingeniera agr\u00f3noma Tatiana Carvalho, ex empleada de Greenpeace, recibieron homenajes p\u00f3stumos.<\/p>\n","protected":false},"excerpt":{"rendered":"Professores de la USP recibieron el premio al M\u00e9rito en Conservaci\u00f3n","protected":false},"author":476,"featured_media":0,"comment_status":"open","ping_status":"open","sticky":false,"template":"","format":"standard","meta":{"_acf_changed":false,"_exactmetrics_skip_tracking":false,"_exactmetrics_sitenote_active":false,"_exactmetrics_sitenote_note":"","_exactmetrics_sitenote_category":0,"footnotes":""},"categories":[184],"tags":[269],"coauthors":[785,786],"class_list":["post-153237","post","type-post","status-publish","format-standard","hentry","category-estrategias-es","tag-ambiente-es"],"acf":[],"_links":{"self":[{"href":"https:\/\/revistapesquisa.fapesp.br\/es\/wp-json\/wp\/v2\/posts\/153237","targetHints":{"allow":["GET"]}}],"collection":[{"href":"https:\/\/revistapesquisa.fapesp.br\/es\/wp-json\/wp\/v2\/posts"}],"about":[{"href":"https:\/\/revistapesquisa.fapesp.br\/es\/wp-json\/wp\/v2\/types\/post"}],"author":[{"embeddable":true,"href":"https:\/\/revistapesquisa.fapesp.br\/es\/wp-json\/wp\/v2\/users\/476"}],"replies":[{"embeddable":true,"href":"https:\/\/revistapesquisa.fapesp.br\/es\/wp-json\/wp\/v2\/comments?post=153237"}],"version-history":[{"count":0,"href":"https:\/\/revistapesquisa.fapesp.br\/es\/wp-json\/wp\/v2\/posts\/153237\/revisions"}],"wp:attachment":[{"href":"https:\/\/revistapesquisa.fapesp.br\/es\/wp-json\/wp\/v2\/media?parent=153237"}],"wp:term":[{"taxonomy":"category","embeddable":true,"href":"https:\/\/revistapesquisa.fapesp.br\/es\/wp-json\/wp\/v2\/categories?post=153237"},{"taxonomy":"post_tag","embeddable":true,"href":"https:\/\/revistapesquisa.fapesp.br\/es\/wp-json\/wp\/v2\/tags?post=153237"},{"taxonomy":"author","embeddable":true,"href":"https:\/\/revistapesquisa.fapesp.br\/es\/wp-json\/wp\/v2\/coauthors?post=153237"}],"curies":[{"name":"wp","href":"https:\/\/api.w.org\/{rel}","templated":true}]}}