{"id":160981,"date":"2014-10-15T16:05:52","date_gmt":"2014-10-15T19:05:52","guid":{"rendered":"http:\/\/revistapesquisa.fapesp.br\/?p=160981"},"modified":"2015-01-15T16:08:51","modified_gmt":"2015-01-15T18:08:51","slug":"un-premio-para-goldemberg","status":"publish","type":"post","link":"https:\/\/revistapesquisa.fapesp.br\/es\/un-premio-para-goldemberg\/","title":{"rendered":"Un premio para Goldemberg"},"content":{"rendered":"<div id=\"attachment_160982\" style=\"max-width: 300px\" class=\"wp-caption alignright\"><a href=\"http:\/\/revistapesquisa.fapesp.br\/wp-content\/uploads\/2015\/01\/Estrategia_Goldemberg.jpg\"><img loading=\"lazy\" decoding=\"async\" class=\"size-full wp-image-160982\" src=\"http:\/\/revistapesquisa.fapesp.br\/wp-content\/uploads\/2015\/01\/Estrategia_Goldemberg.jpg\" alt=\"Jos\u00e9 Goldemberg: Trofeo Guerreiro de la Educaci\u00f3n\" width=\"290\" height=\"326\" srcset=\"https:\/\/revistapesquisa.fapesp.br\/wp-content\/uploads\/2015\/01\/Estrategia_Goldemberg.jpg 290w, https:\/\/revistapesquisa.fapesp.br\/wp-content\/uploads\/2015\/01\/Estrategia_Goldemberg-120x135.jpg 120w, https:\/\/revistapesquisa.fapesp.br\/wp-content\/uploads\/2015\/01\/Estrategia_Goldemberg-250x281.jpg 250w\" sizes=\"auto, (max-width: 290px) 100vw, 290px\" \/><p class=\"wp-caption-text\"><span class=\"media-credits-inline\">MIGUEL BOYAYAN<\/span><\/a> Jos\u00e9 Goldemberg: Trofeo Guerreiro de la Educaci\u00f3n<span class=\"media-credits\">MIGUEL BOYAYAN<\/span><\/p><\/div>\n<p>El f\u00edsico Jos\u00e9 Goldemberg, de 86 a\u00f1os, recibe el 15 de octubre el 18\u00ba Premio Profesor Em\u00e9rito \u2013Trofeo Guerrero de la Educaci\u00f3n Ruy Mesquita\u2012, concedido anualmente\u00a0 a una personalidad con destacad contribuci\u00f3n a la ense\u00f1anza y al avance del conocimiento. El premio est\u00e1 promovido por el Centro de Integraci\u00f3n Empresa-Escuela (Ciee) en forma conjunta con el peri\u00f3dico <em>O Estado de S.Paulo<\/em>. El homenajeado se escoge a partir de una lista de nombres sugeridos en un proceso abierto, en el cual participan consejeros del Ciee, galardonados en a\u00f1os anteriores, investigadores y empresarios. Goldemberg ocup\u00f3 los cargos de presidente de la Sociedad Brasile\u00f1a para el Progreso de la Ciencia (1975-1979), rector de la Universidad de S\u00e3o Paulo (1986-1990), ministro de Educaci\u00f3n (1991-1992), secretario nacional de Medio Ambiente (1992) y secretario de Medio Ambiente del Estado de S\u00e3o Paulo (2002-2006). En 2008 fue honrado con el premio Planeta Azul, concedido por la fundaci\u00f3n japonesa Asahi Glass a personalidades destacadas en la investigaci\u00f3n y formulaci\u00f3n de pol\u00edticas p\u00fablicas en el \u00e1rea ambiental. Actualmente, se desempe\u00f1a como profesor en el Instituto de Electrot\u00e9cnica y Energ\u00eda de la USP. En ediciones anteriores del Trofeo Guerreiro de la Educaci\u00f3n se reconoci\u00f3 a personalidades tales como el m\u00e9dico e investigador William Saad Hossne, el economista Antonio Delfim Netto, la antrop\u00f3loga Ruth Cardoso, el cardi\u00f3logo Adib Jatene, el abogado tributarista Ives Gandra Martins y el zo\u00f3logo Paulo Vanzolini.<\/p>\n","protected":false},"excerpt":{"rendered":"El f\u00edsico recibe el Trofeo Guerrero de la Educaci\u00f3n","protected":false},"author":476,"featured_media":0,"comment_status":"open","ping_status":"open","sticky":false,"template":"","format":"standard","meta":{"_acf_changed":false,"_exactmetrics_skip_tracking":false,"_exactmetrics_sitenote_active":false,"_exactmetrics_sitenote_note":"","_exactmetrics_sitenote_category":0,"footnotes":""},"categories":[184],"tags":[295],"coauthors":[786],"class_list":["post-160981","post","type-post","status-publish","format-standard","hentry","category-estrategias-es","tag-educacion"],"acf":[],"_links":{"self":[{"href":"https:\/\/revistapesquisa.fapesp.br\/es\/wp-json\/wp\/v2\/posts\/160981","targetHints":{"allow":["GET"]}}],"collection":[{"href":"https:\/\/revistapesquisa.fapesp.br\/es\/wp-json\/wp\/v2\/posts"}],"about":[{"href":"https:\/\/revistapesquisa.fapesp.br\/es\/wp-json\/wp\/v2\/types\/post"}],"author":[{"embeddable":true,"href":"https:\/\/revistapesquisa.fapesp.br\/es\/wp-json\/wp\/v2\/users\/476"}],"replies":[{"embeddable":true,"href":"https:\/\/revistapesquisa.fapesp.br\/es\/wp-json\/wp\/v2\/comments?post=160981"}],"version-history":[{"count":0,"href":"https:\/\/revistapesquisa.fapesp.br\/es\/wp-json\/wp\/v2\/posts\/160981\/revisions"}],"wp:attachment":[{"href":"https:\/\/revistapesquisa.fapesp.br\/es\/wp-json\/wp\/v2\/media?parent=160981"}],"wp:term":[{"taxonomy":"category","embeddable":true,"href":"https:\/\/revistapesquisa.fapesp.br\/es\/wp-json\/wp\/v2\/categories?post=160981"},{"taxonomy":"post_tag","embeddable":true,"href":"https:\/\/revistapesquisa.fapesp.br\/es\/wp-json\/wp\/v2\/tags?post=160981"},{"taxonomy":"author","embeddable":true,"href":"https:\/\/revistapesquisa.fapesp.br\/es\/wp-json\/wp\/v2\/coauthors?post=160981"}],"curies":[{"name":"wp","href":"https:\/\/api.w.org\/{rel}","templated":true}]}}