{"id":16791,"date":"2012-07-04T13:09:04","date_gmt":"2012-07-04T16:09:04","guid":{"rendered":"http:\/\/revistapesquisa.fapesp.br\/?p=16791"},"modified":"2014-06-03T18:04:07","modified_gmt":"2014-06-03T21:04:07","slug":"tematicos-y-joven-investigador-recientes-2","status":"publish","type":"post","link":"https:\/\/revistapesquisa.fapesp.br\/es\/tematicos-y-joven-investigador-recientes-2\/","title":{"rendered":"Tem\u00e1ticos y Joven Investigador recientes"},"content":{"rendered":"<p><strong>Tem\u00e1ticos<\/strong><\/p>\n<p><strong>Evaluaci\u00f3n de la terapia con c\u00e9lulas madre hematopoy\u00e9ticas en la enfermedad renal cr\u00f3nica en perros<\/strong><br \/>\nInvestigadora responsable: Lucia da Concei\u00e7\u00e3o Andrade<br \/>\nInstituci\u00f3n: Facultad de Medicina de la USP<br \/>\nProceso: 2010\/ 19012-0<br \/>\nVigencia: Del 01\/06\/2012 al 31\/05\/2017<\/p>\n<p><strong>Din\u00e1mica en bajas dimensiones<\/strong><br \/>\nInvestigador responsable: Andr\u00e9 Salles de Carvalho<br \/>\nInstituci\u00f3n: Instituto de Matem\u00e1tica y Estad\u00edstica de la USP<br \/>\nProceso: 2011\/ 16265-8<br \/>\nVigencia: Del 01\/04\/2012 al 31\/03\/2017<\/p>\n<p><strong>El rol de la estimaci\u00f3n de los costos de capital en la optimizaci\u00f3n de la estructura de capital de las empresas brasile\u00f1as<\/strong><br \/>\nInvestigador responsable: Antonio Zoratto Sanvicente<br \/>\nInstituci\u00f3n: Instituto de Ense\u00f1anza e Investigaci\u00f3n (Insper)<br \/>\nProceso: 2011\/ 23090-0<br \/>\nVigencia: Del 01\/06\/2012 al 31\/05\/2017<\/p>\n<p><strong>Amelioration of the autonomic imbalances of old age whit exercise exploring the molecular and physiological mechanisms (FAPESP-RCUK)<\/strong><br \/>\nInvestigadora responsable: Lisete Compagno Michelini<br \/>\nInstituci\u00f3n:<strong> <\/strong>Instituto de Ciencias Biom\u00e9dicas de la USP<br \/>\nProceso:<strong> <\/strong>2011\/ 51410-9<br \/>\nVigencia: Del 01\/05\/2012 al 30\/04\/2016<\/p>\n<p><strong>Estudio de las propiedades del condensado de Bose-Einstein: \u00c1tomos bipolares y condensado de fermiones<\/strong><br \/>\nInvestigador responsable: Sadhan Kumar Adhikari<br \/>\nInstituci\u00f3n:<strong> <\/strong>Instituto de F\u00edsica Te\u00f3rica de la Unesp<br \/>\nProceso:<strong> <\/strong>2012\/ 00451-0<br \/>\nVigencia: Del 01\/05\/2012 al 30\/04\/2017<\/p>\n<p><strong>Wittgenstein en transici\u00f3n<\/strong><br \/>\nInvestigador responsable: Jo\u00e3o Vergilio Gallerani Cuter<br \/>\nInstituci\u00f3n:<strong> <\/strong>Facultad de Filosof\u00eda, Letras y Ciencias Humanas de la USP<br \/>\nProceso:<strong> <\/strong>2012\/ 50005-6<br \/>\nVigencia: Del 01\/06\/2012 al 31\/05\/2015<\/p>\n<p><strong>Joven Investigador<\/strong><\/p>\n<p><strong>S\u00edntesis y degradaci\u00f3n de especies moleculares prebi\u00f3ticas en atm\u00f3sferas planetarias, cometas y hielos interestelares simulados<\/strong><br \/>\nInvestigador responsable: S\u00e9rgio Pilling Guapyassu de Oliveira<br \/>\nInstituci\u00f3n: Instituto de Investigaci\u00f3n y Desarrollo de la Universidad Vale do Para\u00edba (Univap)<br \/>\nProceso: 2009\/ 18304-0<br \/>\nVigencia: Del 01\/05\/2012 al 30\/04\/2016<\/p>\n<p><strong>An\u00e1lisis comparativo del transcriptoma de transportadores de membrana de la ra\u00edz del arroz, asociado al hongo micorr\u00edzico arbuscular y en respuesta al ars\u00e9nico<\/strong><br \/>\nInvestigadora responsable:<strong> <\/strong>Sara Adrian Lopez de Andrade<br \/>\nInstituci\u00f3n: Instituto de Biolog\u00eda de la Unicamp<br \/>\nProceso:<strong> <\/strong>2011\/ 18097-5<br \/>\nVigencia: Del 01\/07\/2012 al 30\/06\/2015<\/p>\n<p><strong>Biorrefiner\u00eda en la industria agroalimentaria: reciclado de residuos para la producci\u00f3n de nuevos compuestos qu\u00edmicos y biohidr\u00f3geno<\/strong><br \/>\nInvestigadora responsable: T\u00e2nia Forster Carneiro<br \/>\nInstituci\u00f3n: Facultad de Ingenier\u00eda de Alimentos de la Unicamp<br \/>\nProceso: 2011\/ 19817-1<br \/>\nVigencia: Del 01\/06\/2012 al 31\/05\/2016<\/p>\n<p><strong>Estudio de pel\u00edculas de carbono tipo diamante conteniendo nanopart\u00edculas incorporadas para aplicaciones biom\u00e9dicas<\/strong><br \/>\nInvestigadora responsable: Fernanda Roberta Marciano<br \/>\nInstituci\u00f3n: Instituto de Investigaci\u00f3n y Desarrollo de la Univap<br \/>\nProceso:<strong> <\/strong>2011\/ 20345-7<br \/>\nVigencia: Del 01\/06\/2012 al 31\/05\/2016<\/p>\n<p><strong>Clase social y valor en la teor\u00eda social contempor\u00e1nea<\/strong><br \/>\nInvestigador responsable: Henrique Jos\u00e9 Domiciano Amorim<br \/>\nInstituci\u00f3n: Escuela de Filosof\u00eda, Letras y Ciencias Humanas de la Unifesp<br \/>\nProceso: 2011\/ 23506-1<br \/>\nVigencia: Del 01\/05\/2012 al 30\/04\/2016<\/p>\n<p><strong>Estr\u00e9s oxidativo y plasticidad sin\u00e1ptica en la corteza visual primaria<\/strong><br \/>\nInvestigador responsable: Roberto de Pasquale<br \/>\nInstituci\u00f3n: Instituto de Ciencias Biom\u00e9dicas de la USP<br \/>\nProceso: 2011\/ 23874-0<br \/>\nVigencia: Del 01\/06\/2012 al 31\/05\/2014<\/p>\n<p><strong>Caracterizaci\u00f3n y control de mecanismos de internalizaci\u00f3n celular de nanopart\u00edculas<\/strong><br \/>\nInvestigadora responsable: Dayane Batista Tada<br \/>\nInstituci\u00f3n: Instituto de Ciencia y Tecnolog\u00eda de la Unifesp<br \/>\nProceso:<strong> <\/strong>2011\/ 23895-8<br \/>\nVigencia: Del 01\/05\/2012 al 30\/04\/2015<\/p>\n<p><strong>Implementaci\u00f3n de un laboratorio para el estudio de las funciones cognitivas mediante la evaluaci\u00f3n neuropsicol\u00f3gica cl\u00e1sica y t\u00e9cnicas de neuroimagen estructural y funcional, en condiciones normales y patol\u00f3gicas (epilepsias refractarias)<\/strong><br \/>\nInvestigadora responsable: Andrea Alessio Vieira Alves<br \/>\nInstituci\u00f3n: Facultad de Ciencias M\u00e9dicas de la Unicamp<br \/>\nProceso:<strong> <\/strong>2011\/ 50043-2<br \/>\nVigencia: Del 01\/05\/2012 al 30\/04\/2016<\/p>\n<p><strong>Las c\u00e9lulas madre mesenquimales humanas del aparato reproductor femenino como vectores en la terapia celular: evaluaci\u00f3n de la migraci\u00f3n y del efecto de c\u00e9lulas expresando la il-12 murina en el modelo de melanoma y carcinoma<\/strong><br \/>\nInvestigadora responsable: Tatiana Jazedje da Costa Silva<br \/>\nInstituci\u00f3n: Escuela Paulista de Medicina de la Unifesp<br \/>\nProceso:<strong> <\/strong>2011\/ 51648-5<br \/>\nVigencia: Del 01\/06\/2012 al 31\/05\/2014<\/p>\n","protected":false},"excerpt":{"rendered":"Proyectos contratados entre mayo y junio de 2012","protected":false},"author":6,"featured_media":0,"comment_status":"open","ping_status":"open","sticky":false,"template":"","format":"standard","meta":{"_acf_changed":false,"_exactmetrics_skip_tracking":false,"_exactmetrics_sitenote_active":false,"_exactmetrics_sitenote_note":"","_exactmetrics_sitenote_category":0,"footnotes":""},"categories":[182],"tags":[284,303],"coauthors":[93],"class_list":["post-16791","post","type-post","status-publish","format-standard","hentry","category-proyectos","tag-cienciometria-es","tag-financiacion"],"acf":[],"_links":{"self":[{"href":"https:\/\/revistapesquisa.fapesp.br\/es\/wp-json\/wp\/v2\/posts\/16791","targetHints":{"allow":["GET"]}}],"collection":[{"href":"https:\/\/revistapesquisa.fapesp.br\/es\/wp-json\/wp\/v2\/posts"}],"about":[{"href":"https:\/\/revistapesquisa.fapesp.br\/es\/wp-json\/wp\/v2\/types\/post"}],"author":[{"embeddable":true,"href":"https:\/\/revistapesquisa.fapesp.br\/es\/wp-json\/wp\/v2\/users\/6"}],"replies":[{"embeddable":true,"href":"https:\/\/revistapesquisa.fapesp.br\/es\/wp-json\/wp\/v2\/comments?post=16791"}],"version-history":[{"count":0,"href":"https:\/\/revistapesquisa.fapesp.br\/es\/wp-json\/wp\/v2\/posts\/16791\/revisions"}],"wp:attachment":[{"href":"https:\/\/revistapesquisa.fapesp.br\/es\/wp-json\/wp\/v2\/media?parent=16791"}],"wp:term":[{"taxonomy":"category","embeddable":true,"href":"https:\/\/revistapesquisa.fapesp.br\/es\/wp-json\/wp\/v2\/categories?post=16791"},{"taxonomy":"post_tag","embeddable":true,"href":"https:\/\/revistapesquisa.fapesp.br\/es\/wp-json\/wp\/v2\/tags?post=16791"},{"taxonomy":"author","embeddable":true,"href":"https:\/\/revistapesquisa.fapesp.br\/es\/wp-json\/wp\/v2\/coauthors?post=16791"}],"curies":[{"name":"wp","href":"https:\/\/api.w.org\/{rel}","templated":true}]}}