{"id":188555,"date":"2014-12-29T17:08:07","date_gmt":"2014-12-29T19:08:07","guid":{"rendered":"http:\/\/revistapesquisa.fapesp.br\/?p=188555"},"modified":"2015-06-26T17:11:16","modified_gmt":"2015-06-26T20:11:16","slug":"el-filosofo-cordial","status":"publish","type":"post","link":"https:\/\/revistapesquisa.fapesp.br\/es\/el-filosofo-cordial\/","title":{"rendered":"El fil\u00f3sofo cordial"},"content":{"rendered":"<p><img loading=\"lazy\" decoding=\"async\" class=\"alignright size-full wp-image-188556\" src=\"http:\/\/revistapesquisa.fapesp.br\/wp-content\/uploads\/2015\/06\/Konder_corr.jpg\" alt=\"\" width=\"290\" height=\"239\" srcset=\"https:\/\/revistapesquisa.fapesp.br\/wp-content\/uploads\/2015\/06\/Konder_corr.jpg 290w, https:\/\/revistapesquisa.fapesp.br\/wp-content\/uploads\/2015\/06\/Konder_corr-120x99.jpg 120w, https:\/\/revistapesquisa.fapesp.br\/wp-content\/uploads\/2015\/06\/Konder_corr-250x206.jpg 250w\" sizes=\"auto, (max-width: 290px) 100vw, 290px\" \/><span class=\"media-credits-inline\">L\u00e9o Ramos<\/span>Los numerosos reveses que sufri\u00f3 el marxismo en las \u00faltimas d\u00e9cadas del siglo XX nunca desalentaron al profesor de filosof\u00eda, ensayista y escritor Leandro Konder. \u201cLa filosof\u00eda es un campo de resistencia que no se pregunta para qu\u00e9 sirve una determinada teor\u00eda, sino cu\u00e1l es su verdad\u201d, declar\u00f3 en una entrevista a <em>Pesquisa FAPESP<\/em> en diciembre de 2002 (<em>edici\u00f3n 82<\/em>). Konder, uno de los m\u00e1s respetados estudiosos de la obra de Karl Marx en Brasil, se hab\u00eda graduado en derecho y doctorado en filosof\u00eda por la Universidad Federal de R\u00edo de Janeiro (UFRJ). Y era profesor titular de la Pontificia Universidad Cat\u00f3lica de R\u00edo de Janeiro (PUC-Rio). Muri\u00f3 el pasado 12 de noviembre de 2014 a los 78 a\u00f1os, en R\u00edo, como consecuencia del mal de Parkinson.<\/p>\n<p>Konder hab\u00eda nacido en Petr\u00f3polis (estado de R\u00edo de Janeiro), hijo de un m\u00e9dico sanitarista y ex dirigente del Partido Comunista Brasile\u00f1o (PCB). Si bien destac\u00f3 como pensador marxista y divulgador de las ideas del fil\u00f3sofo h\u00fangaro Gy\u00f6rgy Luk\u00e1cs (1885-1971), actu\u00f3 tambi\u00e9n como abogado laboralista entre los a\u00f1os 1950 y 1960. Luego del golpe militar de 1964, Konder defendi\u00f3 a los sindicatos y a los trabajadores. Su cercan\u00eda con los movimientos sociales lo llev\u00f3 a la c\u00e1rcel, donde fue torturado. En 1972 se exili\u00f3 en Europa y vivi\u00f3 en Alemania, en donde fue profesor visitante de la Universidad de Bonn, y en Francia. Regres\u00f3 seis a\u00f1os despu\u00e9s.<\/p>\n<p>A partir de los a\u00f1os 1980, trabaj\u00f3 como profesor en el Instituto Metodista Bennett, en la Universidad Federal Fluminense y en la PUC-Rio. Se dedic\u00f3 a difundir los estudios sobre Marx y Luk\u00e1cs y a escribir. En total es autor de 21 obras y no s\u00f3lo de filosof\u00eda: se aventur\u00f3 por la educaci\u00f3n, la historia, la sociolog\u00eda y las memorias. Su primer libro es de 1965, <em>Marxismo e aliena\u00e7\u00e3o (<\/em>Express\u00e3o Popular<em>)<\/em>; el \u00faltimo fue <em>Em torno de Marx<\/em> (Boitempo Editoral), de 2010. Tambi\u00e9n escribi\u00f3 dos novelas, <em>A morte de Rimbaud<\/em>\u00a0(Companh\u00eda das Letras) y <em>Bartolomeu<\/em> (Relume Dumar\u00e1).<\/p>\n<p>El paseo por esos g\u00e9neros diversos le agradaba al fil\u00f3sofo, seg\u00fan sus amigos. \u201cAmaba la literatura, viv\u00eda por la literatura y por la filosof\u00eda\u201d, record\u00f3 el tambi\u00e9n fil\u00f3sofo y ensayista Sergio Paulo Rouanet en el peri\u00f3dico <em>O Globo<\/em>. \u201cEra un marxista de los menos dogm\u00e1ticos, conocido por su dulzura, su carisma y su generosidad\u201d. Para Marco Aur\u00e9lio Nogueira, docente de teor\u00eda pol\u00edtica y director del Instituto de Pol\u00edticas P\u00fablicas y Relaciones Internacionales de la Universidade Estadual Paulista (Unesp), Konder era tambi\u00e9n reconocido por la fineza intelectual y su escritura envolvente. \u201cKonder nunca hizo concesiones al doctrinarismo y al dogmatismo tan comunes en el universo marxista y en el campo comunista, en el cual milit\u00f3 toda su vida\u201d, escribi\u00f3 en <em>O Estado de S.Paulo<\/em>. \u201cComo profesor, no se cans\u00f3 de bajar del pedestal y construir puentes entre el saber acumulado y la joven intelectualidad, los hombres de la cultura y los militantes democr\u00e1ticos y socialistas\u201d. El periodista y escritor Zuenir Ventura afirm\u00f3, en declaraciones a <em>O<\/em> <em>Globo<\/em>, que Konder nunca categoriz\u00f3 a las personas por su ideolog\u00eda. \u201cPon\u00eda al afecto por arriba de todas las cosas\u201d, dijo.<\/p>\n<p>La imagen que transmitieron los amigos fue la misma que \u00e9l mostr\u00f3 en la ya citada entrevista a <em>Pesquisa FAPESP<\/em>, cuando se refiri\u00f3 a su aversi\u00f3n a la pol\u00e9mica: \u201cMachado de Assis dec\u00eda: \u2018Sufro de aburrimiento con las controversias\u2019. Me gusta el di\u00e1logo, me gustan las diferencias, pero cuando \u00e9stas se manifiestan muy agresivamente, me falta paciencia.\u201d<\/p>\n","protected":false},"excerpt":{"rendered":"Konder se dedic\u00f3 a estudiar y a divulgar la obra de Karl Marx","protected":false},"author":475,"featured_media":0,"comment_status":"open","ping_status":"open","sticky":false,"template":"","format":"standard","meta":{"_acf_changed":false,"_exactmetrics_skip_tracking":false,"_exactmetrics_sitenote_active":false,"_exactmetrics_sitenote_note":"","_exactmetrics_sitenote_category":0,"footnotes":""},"categories":[1349],"tags":[],"coauthors":[785],"class_list":["post-188555","post","type-post","status-publish","format-standard","hentry","category-necrologia"],"acf":[],"_links":{"self":[{"href":"https:\/\/revistapesquisa.fapesp.br\/es\/wp-json\/wp\/v2\/posts\/188555","targetHints":{"allow":["GET"]}}],"collection":[{"href":"https:\/\/revistapesquisa.fapesp.br\/es\/wp-json\/wp\/v2\/posts"}],"about":[{"href":"https:\/\/revistapesquisa.fapesp.br\/es\/wp-json\/wp\/v2\/types\/post"}],"author":[{"embeddable":true,"href":"https:\/\/revistapesquisa.fapesp.br\/es\/wp-json\/wp\/v2\/users\/475"}],"replies":[{"embeddable":true,"href":"https:\/\/revistapesquisa.fapesp.br\/es\/wp-json\/wp\/v2\/comments?post=188555"}],"version-history":[{"count":0,"href":"https:\/\/revistapesquisa.fapesp.br\/es\/wp-json\/wp\/v2\/posts\/188555\/revisions"}],"wp:attachment":[{"href":"https:\/\/revistapesquisa.fapesp.br\/es\/wp-json\/wp\/v2\/media?parent=188555"}],"wp:term":[{"taxonomy":"category","embeddable":true,"href":"https:\/\/revistapesquisa.fapesp.br\/es\/wp-json\/wp\/v2\/categories?post=188555"},{"taxonomy":"post_tag","embeddable":true,"href":"https:\/\/revistapesquisa.fapesp.br\/es\/wp-json\/wp\/v2\/tags?post=188555"},{"taxonomy":"author","embeddable":true,"href":"https:\/\/revistapesquisa.fapesp.br\/es\/wp-json\/wp\/v2\/coauthors?post=188555"}],"curies":[{"name":"wp","href":"https:\/\/api.w.org\/{rel}","templated":true}]}}